{"id":959,"date":"2023-03-26T19:50:27","date_gmt":"2023-03-26T17:50:27","guid":{"rendered":"https:\/\/bussycestvous.fr\/?p=959"},"modified":"2025-02-07T00:00:21","modified_gmt":"2025-02-06T23:00:21","slug":"budget-2023-bussy-saint-georges-en-5-chiffres","status":"publish","type":"post","link":"https:\/\/reveillonsensemblebussy.fr\/index.php\/2023\/03\/26\/budget-2023-bussy-saint-georges-en-5-chiffres\/","title":{"rendered":"Budget 2023 : Bussy-Saint-Georges en 5 chiffres cl\u00e9s compar\u00e9s avec d\u2019autres villes \u00ab\u00a0comparables\u00a0\u00bb. De combien pourrait-on baisser nos imp\u00f4ts\u00a0?"},"content":{"rendered":"\n<p>Chaque ann\u00e9e, nous le r\u00e9p\u00e9tons. Notre taux d\u2019imposition \u00e0 Bussy est largement sup\u00e9rieur \u00e0 l\u2019ensemble des autres villes comparables, tant en Seine et Marne, qu\u2019en Ile de France ou au niveau national.<\/p>\n\n\n\n<p>Depuis que je suis arriv\u00e9e \u00e0 Bussy-Saint-Georges en 2017, j\u2019ai entendu beaucoup d\u2019id\u00e9es re\u00e7ues sur ce sujet. \u00ab\u00a0<em>On ne peut pas faire autrement, car la ville est tr\u00e8s endett\u00e9e<\/em>\u00ab\u00a0. \u00ab\u00a0<em>Il y a eu un grave probl\u00e8me financier dans les ann\u00e9es 2010, donc nous sommes condamn\u00e9s<\/em>\u00ab\u00a0.<\/p>\n\n\n\n<p>Depuis que je suis devenue \u00e9lue en 2020, j\u2019ai pu analyser de plus pr\u00e8s le budget de la ville. Chaque ann\u00e9e, je m\u2019applique \u00e0 essayer de \u00ab\u00a0d\u00e9construire\u00a0\u00bb ces id\u00e9es re\u00e7ues et cette attitude fataliste. Non, il n\u2019y a pas de fatalit\u00e9\u00a0!! D\u2019ailleurs notre maire vient d\u2019annoncer une baisse de 14 % des imp\u00f4ts locaux pour 2023. Comme quoi, c\u2019\u00e9tait possible\u2026 Je vous l\u2019avais bien dit\u00a0!!<\/p>\n\n\n\n<p>Preuve en 5 chiffres qu\u2019il reste <strong>encore<\/strong> de la marge de man\u0153uvre pour continuer \u00e0 baisser les imp\u00f4ts.  <\/p>\n\n\n\n<!--more-->\n\n\n\n<h2 class=\"wp-block-heading\"><strong>De combien pourrait-on baisser nos imp\u00f4ts&nbsp;? Calcul pragmatique !!&nbsp;<\/strong><\/h2>\n\n\n\n<p>Un calcul fait \u00e0 partir des donn\u00e9es de l\u2019\u00c9tat : Direction g\u00e9n\u00e9rale des Finances publiques. <\/p>\n\n\n\n<figure class=\"wp-block-table is-style-stripes\"><table><tbody><tr><td><\/td><td><\/td><td><strong>Moyenne des communes au niveau national&nbsp;(taille : 20&nbsp;000 \u00e0 50&nbsp;000 habitants<\/strong>)<br \/><strong>2021<\/strong><\/td><td><strong>BUSSY-SAINT-GEORGES<\/strong><br \/><strong>2021<\/strong><\/td><\/tr><tr><td><strong>Chiffre cl\u00e9 1<\/strong><\/td><td><strong>Imp\u00f4ts locaux<\/strong><\/td><td><em>669 Euros par habitant<\/em><\/td><td><em>1093 Euros par habitant<br \/>+ 63 % par rapport \u00e0 la moyenne<\/em><\/td><\/tr><tr><td><strong>Chiffre cl\u00e9 2<\/strong><\/td><td><strong>Dont<\/strong><br \/><strong>Taxe fonci\u00e8re sur les propri\u00e9t\u00e9s b\u00e2ties<\/strong><\/td><td><em>571 Euros par habitant<\/em><\/td><td><em>927 Euros par habitant<br \/>+ 62 % par rapport \u00e0 la moyenne<br \/>Cela repr\u00e9sente 356 euros par habitant de taxes suppl\u00e9mentaires<\/em><\/td><\/tr><tr><td><strong>Chiffre cl\u00e9 3<\/strong><\/td><td><strong>Exc\u00e9dents financiers<\/strong> <strong>de la commune<\/strong><\/td><td><em>264 Euros par habitant<\/em><\/td><td><em>594 Euros par habitant<\/em><br \/>Soit <em>X 2,24 par rapport \u00e0 la moyenne -&gt; donc plus du double&nbsp;!! &nbsp; Cela repr\u00e9sente 330 euros par habitants d&rsquo;exc\u00e9dents financiers. <\/em><\/td><\/tr><tr><td><br \/><strong>Chiffre cl\u00e9 4<\/strong><\/td><td><strong>De combien pourrait-on baisser les imp\u00f4ts pour avoir le m\u00eame exc\u00e9dent financier que la moyenne des communes<\/strong> ?<\/td><td><\/td><td><em>330 euros par habitant<br \/>&nbsp;Soit pour 27 300 habitants&nbsp;: 9 millions d\u2019euros<\/em><br \/>&nbsp;<br \/>Cela permet de revenir \u00e0 la moyenne des exc\u00e9dents financiers des villes de m\u00eame taille. <em><br \/><\/em><\/td><\/tr><tr><td><strong>Chiffre cl\u00e9 5<\/strong><\/td><td><strong>Annonce de la diminution pour 2023 des imp\u00f4ts locaux de 10 points (14 %)<\/strong><\/td><td><\/td><td>Moins 14 % ou moins 10 points cette ann\u00e9e&#8230; Est-ce qu&rsquo;on pourrait aller + loin ?<br \/>Sc\u00e9nario propos\u00e9 : <em>20 \u00e0 25 points de diminution <\/em><em>&nbsp;suppl\u00e9mentaires des impots permettraient de conserver 2 millions d\u2019exc\u00e9dents financiers suppl\u00e9mentaires par rapport \u00e0 la moyenne <\/em>des villes de m\u00eame taille. <br \/><strong>Cela ne mettrait pas les finances de la ville en danger puisque cela placerait Bussy-Saint-Georges dans une position \u00ab\u00a0normale\u00a0\u00bb par rapport \u00e0 la moyenne des villes.<\/strong><\/td><\/tr><\/tbody><\/table><figcaption class=\"wp-element-caption\">Source DGFIP 2021 (euros par habitant)&nbsp;&#8211; *ROB 2023<\/figcaption><\/figure>\n\n\n\n<p><\/p>\n\n\n\n<h2 class=\"wp-block-heading\"><strong>Les imp\u00f4ts locaux de Bussy&nbsp;: + 62 % par rapport aux autres communes fran\u00e7aises comparables&nbsp;! En hausse &nbsp;<\/strong><\/h2>\n\n\n\n<p>C\u2019est un fait, nous payons beaucoup plus d\u2019imp\u00f4ts locaux par rapport aux autres communes de m\u00eame taille. C\u2019est li\u00e9 \u00e0 l\u2019histoire de la ville. A la fin des ann\u00e9es 2000, il y a eu un arr\u00eat assez soudain des aides octroy\u00e9es par l\u2019\u00c9tat aux villes nouvelles. Parall\u00e8lement, l\u2019urbanisation galopante a d\u00e9s\u00e9quilibr\u00e9 le budget de la ville un peu plus chaque ann\u00e9e au cours de la d\u00e9cennie 2000. R\u00e9sultat, la ville est mise sous tutelle et les imp\u00f4ts augmentent brutalement dans le d\u00e9but des ann\u00e9es 2010.<\/p>\n\n\n\n<h2 class=\"wp-block-heading\"><strong>Exc\u00e9dents financiers&nbsp;: plus du double des autres communes fran\u00e7aises comparables&nbsp;! &nbsp;<\/strong><\/h2>\n\n\n\n<p>Situation paradoxale&nbsp;: depuis quelques ann\u00e9es, la ville g\u00e9n\u00e8re des exc\u00e9dents financiers. Donc, il y avait depuis quelques ann\u00e9es, la marge de man\u0153uvre de diminuer le taux d\u2019imposition. Depuis que nous avons \u00e9t\u00e9 \u00e9lues, nous r\u00e9clamons cette baisse pour revenir \u00e0 une situation un peu plus \u00ab&nbsp;normale&nbsp;\u00bb. Le maire nous a toujours dit que ce n\u2019\u00e9tait pas possible sous peine de mettre les finances de la ville en danger.<\/p>\n\n\n\n<p>Rappelons simplement pourquoi nous avons un exc\u00e9dent financier aussi important \u00e0 Bussy ? <\/p>\n\n\n\n<p>Nous sommes otage d&rsquo;une Op\u00e9ration d&rsquo;Int\u00e9r\u00eat \u00c9conomique qui nous oblige \u00e0 construire toujours plus. Les infrastructures (\u00e9coles, cr\u00e8ches, etc.) doivent suivre cette urbanisation \u00e0 marche forc\u00e9e. L\u2019\u00c9tat ne prend pas une part suffisamment importante du financement de ces infrastructures. Ce qui oblige la commune \u00e0 th\u00e9sauriser par prudence !!!<\/p>\n\n\n\n<p>Plusieurs articles ont \u00e9t\u00e9 \u00e9crits sur ce site depuis 2020 pour montrer \u2013 chiffres \u00e0 l\u2019appui \u2013 qu&rsquo;il \u00e9tait n\u00e9anmoins possible &#8211; sans se mettre en danger &#8211; de baisser nos imp\u00f4ts locaux. <\/p>\n\n\n\n<h2 class=\"wp-block-heading\"><strong>Une baisse des imp\u00f4ts de 10 points pour 2023&nbsp;: <em>\u00ab&nbsp;Je vous l\u2019avais bien dit que c\u2019\u00e9tait possible&nbsp;\u00bb <\/em>&nbsp;<\/strong><\/h2>\n\n\n\n<p>Nous sommes heureux de pouvoir vous annoncer que pour cette ann\u00e9e 2023, la majorit\u00e9 a propos\u00e9 une baisse de 14 % des imp\u00f4ts locaux pour 2023 (soit 10 points). Cela va \u00ab&nbsp;co\u00fbter&nbsp;\u00bb \u00e0 la collectivit\u00e9 2 millions d\u2019euros par an, un budget qui vient diminuer les exc\u00e9dents financiers de la ville. C\u2019est donc un effort positif qu\u2019il faut souligner. Surtout dans une p\u00e9riode o\u00f9 les autres communes sont souvent en train de remonter les imp\u00f4ts locaux \u00e0 cause de l\u2019inflation et des prix de l\u2019\u00e9nergie.&nbsp;Malheureusement, nous ne sentirons pas cette baisse sur notre pouvoir d\u2019achat. En effet, elle vient compenser une hausse des base fix\u00e9es par l\u2019\u00c9tat + l\u2019inflation. &nbsp;<\/p>\n\n\n\n<p>\u00ab&nbsp;<em>Je vous l\u2019avais bien dit Monsieur le maire que c\u2019\u00e9tait possible<\/em>&nbsp;!&nbsp;\u00bb. Je me suis permise cette boutade lors du conseil municipal de f\u00e9vrier dernier\u2026 et d\u2019annoncer que nous avions encore un potentiel de diminution de nos imp\u00f4ts locaux de 20 \u00e0 25 points (voir tableau plus haut\u2026).  &nbsp;&nbsp;<\/p>\n\n\n\n<h2 class=\"wp-block-heading\"><strong>Bussy, une ville \u00ab\u00a0non comparable\u00a0\u00bb\u00a0: faux\u00a0!<\/strong><\/h2>\n\n\n\n<p>J\u2019entends souvent que les villes nouvelles seraient diff\u00e9rentes. <\/p>\n\n\n\n<p>Que Bussy n\u2019est absolument pas comparable avec les autres communes. <\/p>\n\n\n\n<p>Or, c\u2019est partiellement faux. <\/p>\n\n\n\n<p>On ne peut pas comparer le budget d\u2019investissement d\u2019une ville nouvelle comme Bussy qui vit une urbanisation \u00e0 marche forc\u00e9e avec celui une ville classique (voir graphique ci-dessous, Bussy est en bleu, bien au-dessus de la moyenne d&rsquo;ile de France). Les d\u00e9penses d&rsquo;\u00e9quipement y sont bien sup\u00e9rieures (\u00e9coles, gymnases, etc.). <\/p>\n\n\n\n<figure class=\"wp-block-image size-large\"><img loading=\"lazy\" decoding=\"async\" width=\"1024\" height=\"376\" src=\"http:\/\/reb.ovh\/wp-content\/uploads\/2023\/03\/Image-1-Bussy-Cest-Vs-1024x376.png\" alt=\"\" class=\"wp-image-960\" srcset=\"https:\/\/reveillonsensemblebussy.fr\/wp-content\/uploads\/2023\/03\/Image-1-Bussy-Cest-Vs-1024x376.png 1024w, https:\/\/reveillonsensemblebussy.fr\/wp-content\/uploads\/2023\/03\/Image-1-Bussy-Cest-Vs-300x110.png 300w, https:\/\/reveillonsensemblebussy.fr\/wp-content\/uploads\/2023\/03\/Image-1-Bussy-Cest-Vs-768x282.png 768w, https:\/\/reveillonsensemblebussy.fr\/wp-content\/uploads\/2023\/03\/Image-1-Bussy-Cest-Vs-1536x565.png 1536w, https:\/\/reveillonsensemblebussy.fr\/wp-content\/uploads\/2023\/03\/Image-1-Bussy-Cest-Vs.png 1556w\" sizes=\"auto, (max-width: 767px) 89vw, (max-width: 1000px) 54vw, (max-width: 1071px) 543px, 580px\" \/><figcaption class=\"wp-element-caption\">&nbsp;&nbsp; Source&nbsp;: <a href=\"https:\/\/data.ofgl.fr\/\">https:\/\/data.ofgl.fr\/<\/a> &#8211; En bleu, Bussy-Saint-Georges, en rouge moyenne des communes Ile de France de 20&nbsp;000 \u00e0 50&nbsp;000 habitants.<\/figcaption><\/figure>\n\n\n\n<p>Mais il n\u2019y a aucune raison de ne pas comparer le budget de fonctionnement d&rsquo;une ville comme Bussy avec d&rsquo;autres villes de m\u00eame taille. Une ville comme Bussy ne fonctionne pas diff\u00e9remment d\u2019une autre ville. Pour rendre compl\u00e8tement comparable les chiffres, l\u2019\u00c9tat calcul les budgets par habitant (comme dans le tableau ci-dessus).  <\/p>\n\n\n\n<p>Il est donc possible de comparer Bussy Saint Georges avec d&rsquo;autres villes de m\u00eame taille sur beaucoup de crit\u00e8res avec les budgets par habitant. On a aussi des ratios que l&rsquo;on peut comparer. Par exemple, on peut comparer la capacit\u00e9 d&rsquo;autofinancement des villes de m\u00eame taille. C&rsquo;est d&rsquo;ailleurs un crit\u00e8re de comparaison qui fait autorit\u00e9. <\/p>\n\n\n\n<p>Il est donc aussi possible de comparer les exc\u00e9dents financiers des villes de m\u00eame taille (exc\u00e9dents par habitant). C&rsquo;est ce que nous avons fait.  \u00a0\u00a0<\/p>\n","protected":false},"excerpt":{"rendered":"<p>Chaque ann\u00e9e, nous le r\u00e9p\u00e9tons. Notre taux d\u2019imposition \u00e0 Bussy est largement sup\u00e9rieur \u00e0 l\u2019ensemble des autres villes comparables, tant en Seine et Marne, qu\u2019en Ile de France ou au niveau national. Depuis que je suis arriv\u00e9e \u00e0 Bussy-Saint-Georges en 2017, j\u2019ai entendu beaucoup d\u2019id\u00e9es re\u00e7ues sur ce sujet. \u00ab\u00a0On ne peut pas faire autrement, &hellip; <\/p>\n<p class=\"link-more\"><a href=\"https:\/\/reveillonsensemblebussy.fr\/index.php\/2023\/03\/26\/budget-2023-bussy-saint-georges-en-5-chiffres\/\" class=\"more-link\">Continuer la lecture<span class=\"screen-reader-text\"> de &laquo;&nbsp;Budget 2023 : Bussy-Saint-Georges en 5 chiffres cl\u00e9s compar\u00e9s avec d\u2019autres villes \u00ab\u00a0comparables\u00a0\u00bb. De combien pourrait-on baisser nos imp\u00f4ts\u00a0?&nbsp;&raquo;<\/span><\/a><\/p>\n","protected":false},"author":4,"featured_media":964,"comment_status":"open","ping_status":"open","sticky":false,"template":"","format":"standard","meta":{"footnotes":""},"categories":[2,3,4],"tags":[14,15,17,60,107],"class_list":["post-959","post","type-post","status-publish","format-standard","has-post-thumbnail","hentry","category-actus","category-chiffrescles","category-cmetca","tag-budget","tag-bussy-cest-vous","tag-bussy-saint-georges","tag-finances","tag-valerymichaux"],"_links":{"self":[{"href":"https:\/\/reveillonsensemblebussy.fr\/index.php\/wp-json\/wp\/v2\/posts\/959","targetHints":{"allow":["GET"]}}],"collection":[{"href":"https:\/\/reveillonsensemblebussy.fr\/index.php\/wp-json\/wp\/v2\/posts"}],"about":[{"href":"https:\/\/reveillonsensemblebussy.fr\/index.php\/wp-json\/wp\/v2\/types\/post"}],"author":[{"embeddable":true,"href":"https:\/\/reveillonsensemblebussy.fr\/index.php\/wp-json\/wp\/v2\/users\/4"}],"replies":[{"embeddable":true,"href":"https:\/\/reveillonsensemblebussy.fr\/index.php\/wp-json\/wp\/v2\/comments?post=959"}],"version-history":[{"count":2,"href":"https:\/\/reveillonsensemblebussy.fr\/index.php\/wp-json\/wp\/v2\/posts\/959\/revisions"}],"predecessor-version":[{"id":1251,"href":"https:\/\/reveillonsensemblebussy.fr\/index.php\/wp-json\/wp\/v2\/posts\/959\/revisions\/1251"}],"wp:featuredmedia":[{"embeddable":true,"href":"https:\/\/reveillonsensemblebussy.fr\/index.php\/wp-json\/wp\/v2\/media\/964"}],"wp:attachment":[{"href":"https:\/\/reveillonsensemblebussy.fr\/index.php\/wp-json\/wp\/v2\/media?parent=959"}],"wp:term":[{"taxonomy":"category","embeddable":true,"href":"https:\/\/reveillonsensemblebussy.fr\/index.php\/wp-json\/wp\/v2\/categories?post=959"},{"taxonomy":"post_tag","embeddable":true,"href":"https:\/\/reveillonsensemblebussy.fr\/index.php\/wp-json\/wp\/v2\/tags?post=959"}],"curies":[{"name":"wp","href":"https:\/\/api.w.org\/{rel}","templated":true}]}}