{"id":837,"date":"2022-05-01T22:01:43","date_gmt":"2022-05-01T20:01:43","guid":{"rendered":"https:\/\/bussycestvous.fr\/?p=837"},"modified":"2025-03-01T21:29:26","modified_gmt":"2025-03-01T20:29:26","slug":"quelles-nouvelles-du-parking-silo","status":"publish","type":"post","link":"https:\/\/reveillonsensemblebussy.fr\/index.php\/2022\/05\/01\/quelles-nouvelles-du-parking-silo\/","title":{"rendered":"Quelles nouvelles du parking silo du quartier du Sycomore\u00a0? Un processus aussi peu informatif que participatif mais quelques assouplissements&#8230; donc soyons constructifs\u00a0! Attention \u00e0 la suite des \u00e9v\u00e8nements n\u00e9anmoins\u2026 nos craintes pour l\u2019avenir\u00a0"},"content":{"rendered":"\n<p>Depuis 6 mois, nous vous avons sensibilis\u00e9 \u00e0 un projet de construction d\u2019un parking silo dans le quartier du Sycomore. Il vient d\u2019y avoir une op\u00e9ration d\u2019information et de consultation des habitants de Bussy-Saint-Georges. Elle s\u2019est termin\u00e9e \u00e0 huis clos entre membres du Conseil de quartier et \u00e9lus. Quel dommage\u00a0! Une r\u00e9union publique ouverte \u00e0 tous aurait permis \u00e0 tous les habitants de dire ce qu\u2019ils pensaient de ce projet. Voici\u00a0: 1\/ le rappel des faits, 2\/ le r\u00e9sultat de la consultation publique (la mairie ne l&rsquo;a pas fait), 3\/ le r\u00e9sultat de la r\u00e9union organis\u00e9e par la mairie pour prendre en compte les avis de la population et 4\/ nos craintes pour l\u2019avenir.<\/p>\n\n\n\n<!--more-->\n\n\n\n<h2 class=\"wp-block-heading\"><strong>Rappel des faits.<\/strong><\/h2>\n\n\n\n<p>Lors du dernier Conseil Municipal du 1er juillet 2021, quelle n\u2019a pas \u00e9t\u00e9 notre surprise d\u2019apprendre que la construction d\u2019un parking silo \u00e0 \u00e9tages, pr\u00e9vu au milieu du nouveau quartier du Sycomore, avait \u00e9merg\u00e9 brusquement ??!! Voici le rappel des informations que nous avions \u00e0 l\u2019\u00e9poque.<\/p>\n\n\n\n<figure class=\"wp-block-embed is-type-wp-embed is-provider-bussy-c-039-est-vous wp-block-embed-bussy-c-039-est-vous\"><div class=\"wp-block-embed__wrapper\">\n<blockquote class=\"wp-embedded-content\" data-secret=\"E8tocJ5eJH\"><a href=\"https:\/\/bussycestvous.fr\/2021\/09\/07\/parking-silo-sycomore\/\">Un parking silo \u00e0 \u00e9tages en plein milieu du quartier du Sycomore \u00e0 Bussy-Saint-Georges !  Quels sont les termes du d\u00e9bat ? Donner votre avis lors de la consultation qui sera organis\u00e9e dans les semaines qui viennent !!<\/a><\/blockquote><iframe loading=\"lazy\" class=\"wp-embedded-content\" sandbox=\"allow-scripts\" security=\"restricted\" style=\"position: absolute; clip: rect(1px, 1px, 1px, 1px);\" title=\"\u00ab\u00a0Un parking silo \u00e0 \u00e9tages en plein milieu du quartier du Sycomore \u00e0 Bussy-Saint-Georges !  Quels sont les termes du d\u00e9bat ? Donner votre avis lors de la consultation qui sera organis\u00e9e dans les semaines qui viennent !!\u00a0\u00bb &#8212; Bussy c&#039;est vous\" src=\"https:\/\/bussycestvous.fr\/2021\/09\/07\/parking-silo-sycomore\/embed\/#?secret=Run7D8jZHw#?secret=E8tocJ5eJH\" data-secret=\"E8tocJ5eJH\" width=\"525\" height=\"296\" frameborder=\"0\" marginwidth=\"0\" marginheight=\"0\" scrolling=\"no\"><\/iframe>\n<\/div><\/figure>\n\n\n\n<p>Le 3 mars dernier, nous vous avions incit\u00e9 \u00e0 donner votre avis sur ce projet dans le cadre d\u2019une consultation publique des habitants de Bussy-Saint-Georges.\u00a0<\/p>\n\n\n\n<figure class=\"wp-block-embed is-type-wp-embed is-provider-bussy-c-039-est-vous wp-block-embed-bussy-c-039-est-vous\"><div class=\"wp-block-embed__wrapper\">\n<blockquote class=\"wp-embedded-content\" data-secret=\"Pb4LRik8lr\"><a href=\"https:\/\/bussycestvous.fr\/2022\/03\/03\/vous-avez-jusquau-18-mars\/\">Vous avez jusqu\u2019au 28 mars pour donner votre avis sur l\u2019implantation d\u2019un parking silo au milieu du quartier du Sycomore \u2013 Une rare occasion d\u00e9mocratique de s\u2019exprimer\u2026 Quelques minutes suffisent\u2026 N\u2019h\u00e9sitez pas. Voici quelques conseils.<\/a><\/blockquote><iframe loading=\"lazy\" class=\"wp-embedded-content\" sandbox=\"allow-scripts\" security=\"restricted\" style=\"position: absolute; clip: rect(1px, 1px, 1px, 1px);\" title=\"\u00ab\u00a0Vous avez jusqu\u2019au 28 mars pour donner votre avis sur l\u2019implantation d\u2019un parking silo au milieu du quartier du Sycomore \u2013 Une rare occasion d\u00e9mocratique de s\u2019exprimer\u2026 Quelques minutes suffisent\u2026 N\u2019h\u00e9sitez pas. Voici quelques conseils.\u00a0\u00bb &#8212; Bussy c&#039;est vous\" src=\"https:\/\/bussycestvous.fr\/2022\/03\/03\/vous-avez-jusquau-18-mars\/embed\/#?secret=NtG5sX4CET#?secret=Pb4LRik8lr\" data-secret=\"Pb4LRik8lr\" width=\"525\" height=\"296\" frameborder=\"0\" marginwidth=\"0\" marginheight=\"0\" scrolling=\"no\"><\/iframe>\n<\/div><\/figure>\n\n\n\n<p>Nous avons rendu notre avis public sur notre site le 25 mars 2022.<\/p>\n\n\n\n<figure class=\"wp-block-embed is-type-wp-embed is-provider-bussy-c-039-est-vous wp-block-embed-bussy-c-039-est-vous\"><div class=\"wp-block-embed__wrapper\">\n<blockquote class=\"wp-embedded-content\" data-secret=\"36EbRBigkp\"><a href=\"https:\/\/bussycestvous.fr\/2022\/03\/25\/enquete-publique-et-parking-silo\/\">Enqu\u00eate publique et parking silo\u00a0: pourquoi c\u2019est important de donner son avis\u00a0! \u00a0Voici les d\u00e9tails de l&rsquo;avis que nous avons rendu&#8230;<\/a><\/blockquote><iframe loading=\"lazy\" class=\"wp-embedded-content\" sandbox=\"allow-scripts\" security=\"restricted\" style=\"position: absolute; clip: rect(1px, 1px, 1px, 1px);\" title=\"\u00ab\u00a0Enqu\u00eate publique et parking silo\u00a0: pourquoi c\u2019est important de donner son avis\u00a0! \u00a0Voici les d\u00e9tails de l&rsquo;avis que nous avons rendu&#8230;\u00a0\u00bb &#8212; Bussy c&#039;est vous\" src=\"https:\/\/bussycestvous.fr\/2022\/03\/25\/enquete-publique-et-parking-silo\/embed\/#?secret=m2AeLImLl5#?secret=36EbRBigkp\" data-secret=\"36EbRBigkp\" width=\"525\" height=\"296\" frameborder=\"0\" marginwidth=\"0\" marginheight=\"0\" scrolling=\"no\"><\/iframe>\n<\/div><\/figure>\n\n\n\n<h2 class=\"wp-block-heading\"><strong><u>Quels ont \u00e9t\u00e9 les r\u00e9sultats de cette consultations publiques aupr\u00e8s des habitants de Bussy Saint Georges\u00a0?<\/u><\/strong><\/h2>\n\n\n\n<p>Cette consultation publique a permis de recueillir 33 avis. Ces avis sont en acc\u00e8s public sur le site de la commune (document intitul\u00e9\u00a0: \u00ab\u00a0<a rel=\"noreferrer noopener\" href=\"https:\/\/www.bussysaintgeorges.fr\/wp-content\/uploads\/2022\/03\/Remarques-des-administres-28-03-2022.pdf\" target=\"_blank\">Les remarques des administr\u00e9s re\u00e7ues via le formulaire en ligne<\/a>\u00a0\u00bb).<\/p>\n\n\n\n<figure class=\"wp-block-embed is-type-wp-embed is-provider-site-officiel-de-bussy-saint-georges wp-block-embed-site-officiel-de-bussy-saint-georges\"><div class=\"wp-block-embed__wrapper\">\nhttps:\/\/www.bussysaintgeorges.fr\/consultation-du-public-sur-la-modification-simplifiee-n3-du-plan-local-durbanisme\/\n<\/div><\/figure>\n\n\n\n<p>La communication des communes n\u2019est pas tr\u00e8s encadr\u00e9e. C\u2019est dommage\u2026 Aucun document ne synth\u00e9tisant les 33 avis \u00e9mis n\u2019ont \u00e9t\u00e9 communiqu\u00e9 par la mairie aux habitants. Nous avons donc d\u00e9cid\u00e9 de faire ce travail de synth\u00e8se et de communication \u00e0 la place de la mairie.<\/p>\n\n\n\n<figure class=\"wp-block-table is-style-stripes\"><table><tbody><tr><td class=\"has-text-align-center\" data-align=\"center\"><strong>Grandes th\u00e9matiques ressorties de la consultation des habitants<\/strong><\/td><td><strong>Diff\u00e9rents th\u00e8mes abord\u00e9s<\/strong><\/td><\/tr><tr><td class=\"has-text-align-center\" data-align=\"center\"><strong>Th\u00e9matique majoritaire<\/strong> Densification, b\u00e9tonnage, aspect architectural, int\u00e9gration dans l\u2019environnement et impacts sur la qualit\u00e9 de vie des habitants<\/td><td>&#8211; Impacts n\u00e9gatifs sur l\u2019harmonie visuelle du quartier <br \/>&#8211; Impacts n\u00e9gatifs sur la densit\u00e9 et donc sur les inconv\u00e9nients li\u00e9s au resserrement entre les immeubles &#8211; Le pr\u00e9c\u00e9dent PLU a \u00e9t\u00e9 fait pour maintenir une densit\u00e9 de qualit\u00e9 \u00e0 Bussy-Saint-Georges. On remet en question le projet initial de la ville. <br \/>&#8211; L\u2019impact sur la qualit\u00e9 de vie des habitants concern\u00e9s (pas pratique pour les courses, les personnes handicap\u00e9es, etc.)<\/td><\/tr><tr><td class=\"has-text-align-center\" data-align=\"center\"><strong>Th\u00e9matique majoritaire<\/strong> <br \/>Ins\u00e9curit\u00e9 induite \u2013 nuisance, d\u00e9linquance, incivilit\u00e9, propret\u00e9<\/td><td>&#8211; Des parkings silo induisent des probl\u00e8mes de d\u00e9linquance (avec de nombreux exemples trouv\u00e9s dans la presse par les habitants) <br \/>&#8211; On a tendance \u00e0 d\u00e9molir les parkings silo partout (idem, exemples) <br \/>&#8211; Quels sont les moyens d\u00e9velopp\u00e9s pour assurer la s\u00e9curit\u00e9\u00a0?\u00a0<\/td><\/tr><tr><td class=\"has-text-align-center\" data-align=\"center\"><strong>Th\u00e9matique majoritaire<\/strong> <br \/>Impacts sur l\u2019image de la ville<\/td><td>&#8211; Incoh\u00e9rence entre le parking silo et le contexte de l\u2019\u00e9coquartier<br \/>&#8211; Impacts sur la ville des parcs et jardins ?<br \/>&#8211; D\u00e9s\u00e9quilibres induits par des grands ensembles \u2013 n\u00e9cessit\u00e9 d\u2019une mixit\u00e9 sociale \u00e9quilibr\u00e9e\u00a0\u00a0 <br \/>&#8211; Qui va assurer les ravalements de ce parking silo\u00a0? d\u00e9gradation au fur et \u00e0 mesure du temps du quartier\u00a0? <br \/>&#8211; Conforte Bussy comme une ville dortoir<\/td><\/tr><tr><td class=\"has-text-align-center\" data-align=\"center\"><strong>Th\u00e9matique majoritaire<\/strong><br \/><br \/>Manque de transparence pass\u00e9e et actuelle de la mairie <br \/>et d\u2019EpaMarne<\/td><td>&#8211; Pourquoi est-ce que ce projet apparait tout \u00e0 coup (ne figure pas \u2013 par exemple \u2013 sur les plans qui figurent pr\u00e8s du skatepark).<br \/>&#8211; Il y avait eu une modification du PLU pr\u00e9c\u00e9demment qui a autoris\u00e9 6 \u00e9tages au lieu de 4 ou 5 au c\u0153ur du Sycomore. Pourquoi, est-ce qu\u2019on n\u2019a pas inform\u00e9 les citoyens \u00e0 ce moment l\u00e0 des impacts sur les stationnements\u00a0? <br \/>&#8211; Aucune information et aucun document de r\u00e9f\u00e9rence pour appr\u00e9hender le projet de parking silo lui-m\u00eame et son impact ou le projet urbain dans lequel il s\u2019inscrit.<br \/>&#8211; Les contraintes environnementales qui conduisent \u00e0 un projet de parking silo\u00a0ne sont pas d\u00e9velopp\u00e9es.<br \/>&#8211; Il a \u00e9t\u00e9 explicitement dit durant plusieurs Conseils Municipaux que le co\u00fbt et la rentabilit\u00e9 pour les promoteurs d\u2019un parking souterrain \u00e9taient moins int\u00e9ressants que celui d\u2019un parking silo\u00a0: quel est l\u2019int\u00e9r\u00eat des habitants dans tout \u00e7a\u00a0? <br \/>&#8211; Les arguments avanc\u00e9s en conseil municipal n\u2019ont pas \u00e9t\u00e9 port\u00e9s \u00e0 la connaissance du public dans les documents attach\u00e9s \u00e0 cette modification<br \/>&#8211; Existait-il d\u2019autres alternatives\u00a0? pas d\u2019information<br \/>&#8211; Combien de projets de parc de stationnement sont envisag\u00e9s ? A quels termes ? O\u00f9 sera\/seront construit(s) exactement ces parcs ? De combien d\u2019\u00e9tages sera\/seront compos\u00e9(s) ces parcs ? De combien de places de stationnement sera\/seront compos\u00e9(s) ces parcs ? Co\u00fbts indirects g\u00e9n\u00e9r\u00e9s par ce parking silo pour la commune ? Pas d&rsquo;information. <\/td><\/tr><tr><td class=\"has-text-align-center\" data-align=\"center\"><strong>Th\u00e9matique plus minoritaire<\/strong> <br \/><br \/>Sur quelle \u00e9tude de besoins est bas\u00e9 ce projet de parking silo \u2013 Pourquoi ce nouveau besoin\u00a0? Pourquoi il y a-t-il urgence\u00a0? Quelles sont les priorit\u00e9s de la ville\u00a0?<\/td><td>&#8211; Dans la premi\u00e8re partie du Sycomore, il n\u2019y a pas eu besoin de ces parkings silo. Pourquoi est-ce qu\u2019il y en a besoin aujourd\u2019hui\u00a0?<br \/>&#8211; Quelle \u00e9tude sur le taux d\u2019occupation des places dans le quartier\u00a0?<br \/>&#8211; Lancement d\u2019une remise \u00e0 plat du PLU avec en m\u00eame temps une modification de l\u2019ancien PLU\u00a0: Pourquoi\u00a0?<br \/>&#8211; <em>\u00ab\u00a0Beaucoup de logements poussent comme des champignons mais les infrastructures n\u00e9cessaires tardent \u00e0 arriver : coll\u00e8ges ? Lyc\u00e9es ? Piscine ? Gymnase ? Commerces de proximit\u00e9 ? Cabinet m\u00e9dical ? Aire de jeu digne de ce nom pour les enfants ? Pour l\u2019instant, il n\u2019y a aucun arbre\u00a0\u00bb\u2026 <\/em>O\u00f9 sont les priorit\u00e9s de la ville\u00a0?<\/td><\/tr><tr><td class=\"has-text-align-center\" data-align=\"center\"><strong>Th\u00e9matique minoritaire<\/strong> Impacts sur la valeur des biens concern\u00e9s (appartements et parking) &nbsp;<\/td><td>&#8211; D\u00e9valorisation des appartements concern\u00e9s\u00a0?<\/td><\/tr><tr><td class=\"has-text-align-center\" data-align=\"center\"><strong>Th\u00e9matique plus technique<\/strong> Probl\u00e8me de proc\u00e9dure<\/td><td>&#8211; Probl\u00e8mes de date dans la communication au public &#8211; Probl\u00e8mes de manque d\u2019information dans les documents<\/td><\/tr><\/tbody><\/table><\/figure>\n\n\n\n<p><\/p>\n\n\n\n<p><strong>Propositions faites par les habitants dans le cadre de cette consultation<\/strong><\/p>\n\n\n\n<ul class=\"wp-block-list\"><li>Implant\u00e9 un commissariat dans ce quartier du Sycomore<\/li><li>Bornes de recharge<\/li><li>Liaisons douces prot\u00e9g\u00e9es + garages s\u00e9curis\u00e9s gratuits<\/li><li>Des zones d\u00e9di\u00e9es aux v\u00e9hicules industriels hors de la ville<\/li><li>Am\u00e9liorations des normes de stationnement<\/li><\/ul>\n\n\n\n<h2 class=\"wp-block-heading\"><strong><u>Les r\u00e9ponses de la mairie et d\u2019EpaMarne dans une r\u00e9union \u00e0 huis clos du 23 avril 2022<\/u><\/strong><\/h2>\n\n\n\n<p>Le 23 avril a eu lieu une r\u00e9union \u00e0 huis clos pour r\u00e9pondre aux 33 observations faites par des habitants de Bussy Saint Georges (dont la n\u00f4tre). \u00c9taient convi\u00e9s les \u00e9lus de la majorit\u00e9 et de l&rsquo;opposition, le responsable du projet au sein d\u2019EpaMarne, le cabinet qui accompagne la mairie et certains membres des Comit\u00e9s de quartier. Notre premier \u00e9tonnement est que cette r\u00e9union n\u2019ait pas \u00e9t\u00e9 publique pour r\u00e9pondre directement aux habitants concern\u00e9s par ce projet ???????<\/p>\n\n\n\n<p><strong>Pourquoi est-ce qu\u2019on n\u2019a pas attendu la r\u00e9vision g\u00e9n\u00e9rale du PLU qui est pr\u00e9vu pour fin 2023 pour proc\u00e9der \u00e0 cet assouplissement des r\u00e8gles du PLU en vigueur\u00a0?<\/strong> (Rappel\u00a0: la modification simplifi\u00e9e n\u00b0 3 du PLU donne le droit d\u2019assouplir les r\u00e8gles actuelles tr\u00e8s strict de notre actuel PLU).<\/p>\n\n\n\n<p><strong>R\u00e9ponses de la mairie\u00a0:<\/strong> il y avait urgence sinon les promoteurs auraient du creuser un second niveau de parking souterrain dans le c\u0153ur du quartier du Sycomore, l\u00e0 o\u00f9 les immeubles sont hauts de 6 \u00e9tages, comme l&rsquo;exige les r\u00e8gles actuelles du PLU. Il y a \u00e0 Bussy une nappe phr\u00e9atique tr\u00e8s haute et ce second sous-sol co\u00fbte tr\u00e8s cher. Nous pr\u00e9f\u00e9rons que ce co\u00fbt suppl\u00e9mentaire soit r\u00e9affect\u00e9 \u00e0 des mat\u00e9riaux de plus grande qualit\u00e9 ou \u00e0 des fa\u00e7ades plus qualitatives (pierre de taille). Cette modification permet de construire des stationnements mutualis\u00e9s \u00e0 100 m\u00e8tres des immeubles en compl\u00e9ment d\u2019un parking souterrain d\u2019un seul niveau.<\/p>\n\n\n\n<p> <strong>R\u00e9ponses aux questions et remarques soulev\u00e9es sur la densification, b\u00e9tonnage, aspect architectural et impacts sur la qualit\u00e9 de vie des habitants, Ins\u00e9curit\u00e9 induite \u2013 nuisance, d\u00e9linquance, incivilit\u00e9, propret\u00e9\u2026 Impacts sur l\u2019image de la ville.<\/strong><\/p>\n\n\n\n<p><strong>R\u00e9ponses de la mairie&nbsp;:<\/strong> elles sont hors sujet&nbsp;! Beaucoup des remarques re\u00e7ues faites dans le cadre de cette consultation publique, ne concerne pas la modification simplifi\u00e9e n\u00b0 3 et ne peuvent pas \u00eatre prises en compte.<\/p>\n\n\n\n<p><strong>Suite des r\u00e9ponses de la mairie. <\/strong>Cette modification cherchait \u00e0 \u00e9viter le flou li\u00e9 au Code de l\u2019urbanisme. Il y a un article dans ce code de l\u2019urbanisme qui permet de recourir \u00e0 un parking mutualis\u00e9 dans \u00ab\u00a0l\u2019environnement imm\u00e9diat\u00a0\u00bb quand on ne peut pas construire un parking sur le terrain d\u2019un immeuble (pour faire simple\u00a0!). Ce cadre serait trop flou en ne sp\u00e9cifiant pas ce que signifie exactement \u00ab\u00a0environnement imm\u00e9diat\u00a0\u00bb. Ici, avec cette modification, on fixe 100 m\u00e8tres (3-4 minutes \u00e0 pieds). Il s\u2019agissait de cadrer la distance\u00a0!!<\/p>\n\n\n\n<p><strong>Suite des r\u00e9ponses de la mairie. <\/strong>Or les questions et remarques faites par les habitants portent sur le principe d\u2019un parking silo et non sur l\u2019objet de la modification elle-m\u00eame. D\u2019ailleurs le terme de parking silo n\u2019est plus utilis\u00e9 dans les documents li\u00e9s \u00e0 cette modification. On parle simplement de parking mutualis\u00e9. On ne sait pas encore quelle forme d\u00e9finitive vont prendre ces parkings mutualis\u00e9s. Les questions portant sur le parking Silo seront trait\u00e9es dans le cadre d\u2019une r\u00e9flexion plus large sur les probl\u00e9matiques de stationnement au sein de l\u2019ensemble de la ville et donc dans le cadre de la r\u00e9vision g\u00e9n\u00e9rale du PLU. Combien de parkings silo\u00a0? Combien de places pour ce ou ces parkings silo\u00a0? Quelles sont les autres modalit\u00e9s envisag\u00e9es\u00a0? On verra donc cela plus tard dans le cadre d\u2019une r\u00e9flexion sur l\u2019ensemble du territoire\u00a0!! <\/p>\n\n\n\n<p><strong><u>Nos questions lors de cette r\u00e9union du 23 avril, nos craintes pour l\u2019avenir<\/u><\/strong><\/p>\n\n\n\n<ul class=\"wp-block-list\"><li><strong>Notre position initial<\/strong>e\u00a0: il n\u2019y avait pas assez d\u2019informations dans cette demande de modification simplifi\u00e9e n\u00b0 3 du PLU pour que les citoyens puissent r\u00e9ellement \u00eatre \u00e9clair\u00e9s sur le contexte et les cons\u00e9quences de la construction d\u2019un parking silo dans le quartier du Sycomore.\u00a0<\/li><li><strong>Rappel de la r\u00e9ponse de la mairie<\/strong>\u00a0: La modification simplifi\u00e9e n\u00b0 3 du PLU ne concerne pas vraiment le parking silo en tant que tel. Cette r\u00e9flexion fait partie d\u2019une r\u00e9flexion plus large sur les stationnements \u00e0 Bussy-Saint-Georges. Cette r\u00e9flexion se fera dans le cadre de la r\u00e9vision g\u00e9n\u00e9rale du Plan Local d\u2019Urbanisme qui va se faire d\u2019ici fin 2023.<\/li><li><strong>Question de notre part\u00a0?<\/strong> Allez-vous \u00e0 nouveau consulter les Buxangeorgiens sur la question du parking silo dans le cadre de la r\u00e9flexion plus large de la remise \u00e0 plat du PLU\u00a0?<\/li><li><strong>R\u00e9ponse de la mairie\u00a0:<\/strong> Non. On ne peut pas consulter les habitants sur tous les projets. Seule est pr\u00e9vue une r\u00e9union publiques portant sur l&rsquo;ensemble du nouveau PLU.<\/li><li><strong>Nos craintes\u00a0:<\/strong> La mairie ne consultera donc pas \u00e0 nouveau les habitants sur la question du ou des parkings silo. Pour nous, c\u2019est un \u00ab\u00a0tour de passe-passe\u00a0\u00bb qui ne nous satisfait pas. La question du parking silo est totalement \u00e9vacu\u00e9 de la consultation des citoyens.<\/li><\/ul>\n\n\n\n<p>Si vous voulez \u00e0 titre personnel exprimer vos craintes sur ce parking silo, un seul moyen : \u00eatre pr\u00e9sent lors de cette r\u00e9union de consultation du public dans le cadre de la remise \u00e0 plat du PLU qui devrait avoir lieu fin mai 2022. <\/p>\n\n\n\n<figure class=\"wp-block-embed is-type-wp-embed is-provider-bussy-c-039-est-vous wp-block-embed-bussy-c-039-est-vous\"><div class=\"wp-block-embed__wrapper\">\n<blockquote class=\"wp-embedded-content\" data-secret=\"cwzJoUPQio\"><a href=\"https:\/\/bussycestvous.fr\/2022\/03\/25\/la-refonte-du-plan-local-durbanisme-arrive\/\">La refonte du Plan Local d\u2019Urbanisme arrive, elle va red\u00e9finir notre cadre de vie pour les 10 prochaines ann\u00e9es\u00a0: participez aux futures enqu\u00eates et r\u00e9unions publiques \u00a0<\/a><\/blockquote><iframe loading=\"lazy\" class=\"wp-embedded-content\" sandbox=\"allow-scripts\" security=\"restricted\" style=\"position: absolute; clip: rect(1px, 1px, 1px, 1px);\" title=\"\u00ab\u00a0La refonte du Plan Local d\u2019Urbanisme arrive, elle va red\u00e9finir notre cadre de vie pour les 10 prochaines ann\u00e9es\u00a0: participez aux futures enqu\u00eates et r\u00e9unions publiques \u00a0\u00a0\u00bb &#8212; Bussy c&#039;est vous\" src=\"https:\/\/bussycestvous.fr\/2022\/03\/25\/la-refonte-du-plan-local-durbanisme-arrive\/embed\/#?secret=c80E20sj8L#?secret=cwzJoUPQio\" data-secret=\"cwzJoUPQio\" width=\"525\" height=\"296\" frameborder=\"0\" marginwidth=\"0\" marginheight=\"0\" scrolling=\"no\"><\/iframe>\n<\/div><\/figure>\n\n\n\n<h2 class=\"wp-block-heading\"><strong><u>Les informations qui deviennent de plus en plus floues\u00a0: peut-\u00eatre un indicateur que nos remarques et critiques ont fait bouger les lignes<\/u><\/strong> !<\/h2>\n\n\n\n<p>Nous avons \u00e9t\u00e9 surpris par les informations tr\u00e8s \u00e9vasives que nous avons eu au cours de cette r\u00e9union du 23 avril. Alors qu\u2019on nous avait parl\u00e9 d\u2019un projet d\u2019un parking silo de 300 ou 400 places lors de deux Conseils Municipaux. On ne parle plus que de solutions de parking mutualis\u00e9 avec peut-\u00eatre de l\u2019a\u00e9rien, peut-\u00eatre du silo. \u00ab\u00a0<em>On ne sait pas encore\u00a0!! On ne ferme la porte \u00e0 aucune forme de stationnement mutualis\u00e9<\/em>\u00a0\u00bb. Si il y a parking silo, il sera modulable, d\u00e9montable, r\u00e9versible. <\/p>\n\n\n\n<p>Alors qu\u2019on nous avait dit lors du dernier Conseil Municipal de f\u00e9vrier 2022, qu\u2019il n\u2019y aurait aucune place pour des activit\u00e9s associatives dans ce b\u00e2timent, les r\u00e9ponses d\u2019EpaMarne sont aujourd\u2019hui plus \u00e9vasives\u00a0: \u00ab\u00a0<em>On envisage diff\u00e9rents types d\u2019activit\u00e9 au rez de chauss\u00e9 de ce b\u00e2timent\u00a0\u00bb. <\/em><\/p>\n\n\n\n<p>Pour nous, ce flou &#8211; qui est nouveau &#8211; prouve que le projet initial est en train d\u2019\u00eatre modifi\u00e9 ou tout au moins qu\u2019il \u00e9volue. En cela, ce processus de consultation, m\u00eame s\u2019il est rest\u00e9 tr\u00e8s restreint, s\u2019est r\u00e9v\u00e9l\u00e9 en fait utile. Comme nous souhaitons \u00eatre une opposition constructive, nous dirons que nous avons peut-\u00eatre fait bouger les lignes.<\/p>\n\n\n\n<p>Cela fait aussi 1 an que nous r\u00e9clamons une charte architecturale dans le quartier du Sycomore. Cette id\u00e9e semble avoir fait son chemin\u2026 Une charte architecturale va bien voir le jour dans les quartiers du Sycomore et de l\u2019entr\u00e9e de ville pour mieux cadrer l\u2019imagination des promoteurs.\u00a0<\/p>\n\n\n\n<figure class=\"wp-block-embed is-type-wp-embed is-provider-bussy-c-039-est-vous wp-block-embed-bussy-c-039-est-vous\"><div class=\"wp-block-embed__wrapper\">\n<blockquote class=\"wp-embedded-content\" data-secret=\"ARXoOnoEoB\"><a href=\"https:\/\/bussycestvous.fr\/2021\/09\/13\/sycomore-inquietude\/\">Sycomore : inqui\u00e9tude sur la densit\u00e9, profusion de styles parfois d\u00e9routante, aucune visibilit\u00e9 d\u2019ensemble pour les buxangeorgiens, pas de participation\/animation citoyenne alors que c\u2019est le c\u0153ur de la philosophie d\u2019un \u00e9coquartier !! Comment pourrait-on mieux int\u00e9grer ce quartier \u00e0 la ville\u2026?<\/a><\/blockquote><iframe loading=\"lazy\" class=\"wp-embedded-content\" sandbox=\"allow-scripts\" security=\"restricted\" style=\"position: absolute; clip: rect(1px, 1px, 1px, 1px);\" title=\"\u00ab\u00a0Sycomore : inqui\u00e9tude sur la densit\u00e9, profusion de styles parfois d\u00e9routante, aucune visibilit\u00e9 d\u2019ensemble pour les buxangeorgiens, pas de participation\/animation citoyenne alors que c\u2019est le c\u0153ur de la philosophie d\u2019un \u00e9coquartier !! Comment pourrait-on mieux int\u00e9grer ce quartier \u00e0 la ville\u2026?\u00a0\u00bb &#8212; Bussy c&#039;est vous\" src=\"https:\/\/bussycestvous.fr\/2021\/09\/13\/sycomore-inquietude\/embed\/#?secret=N0Ti40HLMG#?secret=ARXoOnoEoB\" data-secret=\"ARXoOnoEoB\" width=\"525\" height=\"296\" frameborder=\"0\" marginwidth=\"0\" marginheight=\"0\" scrolling=\"no\"><\/iframe>\n<\/div><\/figure>\n\n\n\n<p>Le fait d\u2019initier une r\u00e9flexion globale sur les parkings \u00e0 Bussy nous semble \u00e9galement une bonne initiative. Notamment, est-ce que cela ne serait pas le bon moment pour r\u00e9soudre notre probl\u00e8me de stationnement en centre-ville o\u00f9 beaucoup de gens viennent se garer pour profiter du RER\u00a0? Selon une \u00e9tude r\u00e9cente, \u00e0 Bussy on a un v\u00e9hicule par place l\u00e0 o\u00f9 dans d\u2019autres communes, il y a dans la journ\u00e9e 5 v\u00e9hicules par place. Cette rotation est importante pour la dynamique des commer\u00e7ants.\u00a0<\/p>\n\n\n\n<h2 class=\"wp-block-heading\"><strong>Restons vigilants. <\/strong>\u00a0<\/h2>\n\n\n\n<p>N\u00e9anmoins, si on consulte la brochure du groupe SOPPEC en charge de commercialiser les emplacements commerciaux du c\u0153ur du quartier du Sycomore. On y apprend qu\u2019un parking silo de 240 places est bien pr\u00e9vu et on y voit clairement sa place. A croire quand m\u00eame que certaines d\u00e9cisions sont prises avant m\u00eame d\u2019\u00e9couter ce qu\u2019on a dire les citoyens. Restons vigilants tout en \u00e9tant ouverts\u00a0! \u00a0\u00a0<\/p>\n\n\n\n<figure class=\"wp-block-image size-full\"><img loading=\"lazy\" decoding=\"async\" width=\"795\" height=\"474\" src=\"https:\/\/bussycestvous.fr\/wp-content\/uploads\/2022\/05\/Capture.jpg\" alt=\"\" class=\"wp-image-831\" srcset=\"https:\/\/reveillonsensemblebussy.fr\/wp-content\/uploads\/2022\/05\/Capture.jpg 795w, https:\/\/reveillonsensemblebussy.fr\/wp-content\/uploads\/2022\/05\/Capture-300x179.jpg 300w, https:\/\/reveillonsensemblebussy.fr\/wp-content\/uploads\/2022\/05\/Capture-768x458.jpg 768w\" sizes=\"auto, (max-width: 767px) 89vw, (max-width: 1000px) 54vw, (max-width: 1071px) 543px, 580px\" \/><\/figure>\n\n\n\n<p><a href=\"https:\/\/www.groupesoppec.com\/bussy-saint-georges-projet.html\">https:\/\/www.groupesoppec.com\/bussy-saint-georges-projet.html<\/a><\/p>\n","protected":false},"excerpt":{"rendered":"<p>Depuis 6 mois, nous vous avons sensibilis\u00e9 \u00e0 un projet de construction d\u2019un parking silo dans le quartier du Sycomore. Il vient d\u2019y avoir une op\u00e9ration d\u2019information et de consultation des habitants de Bussy-Saint-Georges. Elle s\u2019est termin\u00e9e \u00e0 huis clos entre membres du Conseil de quartier et \u00e9lus. Quel dommage\u00a0! Une r\u00e9union publique ouverte \u00e0 &hellip; <\/p>\n<p class=\"link-more\"><a href=\"https:\/\/reveillonsensemblebussy.fr\/index.php\/2022\/05\/01\/quelles-nouvelles-du-parking-silo\/\" class=\"more-link\">Continuer la lecture<span class=\"screen-reader-text\"> de &laquo;&nbsp;Quelles nouvelles du parking silo du quartier du Sycomore\u00a0? Un processus aussi peu informatif que participatif mais quelques assouplissements&#8230; donc soyons constructifs\u00a0! Attention \u00e0 la suite des \u00e9v\u00e8nements n\u00e9anmoins\u2026 nos craintes pour l\u2019avenir\u00a0&nbsp;&raquo;<\/span><\/a><\/p>\n","protected":false},"author":4,"featured_media":845,"comment_status":"open","ping_status":"open","sticky":false,"template":"","format":"standard","meta":{"footnotes":""},"categories":[2,4,5],"tags":[17,73,84,100,105,107],"class_list":["post-837","post","type-post","status-publish","format-standard","has-post-thumbnail","hentry","category-actus","category-cmetca","category-viequartier","tag-bussy-saint-georges","tag-parking-silo","tag-quartiers","tag-transparence","tag-urbanisme","tag-valerymichaux"],"_links":{"self":[{"href":"https:\/\/reveillonsensemblebussy.fr\/index.php\/wp-json\/wp\/v2\/posts\/837","targetHints":{"allow":["GET"]}}],"collection":[{"href":"https:\/\/reveillonsensemblebussy.fr\/index.php\/wp-json\/wp\/v2\/posts"}],"about":[{"href":"https:\/\/reveillonsensemblebussy.fr\/index.php\/wp-json\/wp\/v2\/types\/post"}],"author":[{"embeddable":true,"href":"https:\/\/reveillonsensemblebussy.fr\/index.php\/wp-json\/wp\/v2\/users\/4"}],"replies":[{"embeddable":true,"href":"https:\/\/reveillonsensemblebussy.fr\/index.php\/wp-json\/wp\/v2\/comments?post=837"}],"version-history":[{"count":1,"href":"https:\/\/reveillonsensemblebussy.fr\/index.php\/wp-json\/wp\/v2\/posts\/837\/revisions"}],"predecessor-version":[{"id":1260,"href":"https:\/\/reveillonsensemblebussy.fr\/index.php\/wp-json\/wp\/v2\/posts\/837\/revisions\/1260"}],"wp:featuredmedia":[{"embeddable":true,"href":"https:\/\/reveillonsensemblebussy.fr\/index.php\/wp-json\/wp\/v2\/media\/845"}],"wp:attachment":[{"href":"https:\/\/reveillonsensemblebussy.fr\/index.php\/wp-json\/wp\/v2\/media?parent=837"}],"wp:term":[{"taxonomy":"category","embeddable":true,"href":"https:\/\/reveillonsensemblebussy.fr\/index.php\/wp-json\/wp\/v2\/categories?post=837"},{"taxonomy":"post_tag","embeddable":true,"href":"https:\/\/reveillonsensemblebussy.fr\/index.php\/wp-json\/wp\/v2\/tags?post=837"}],"curies":[{"name":"wp","href":"https:\/\/api.w.org\/{rel}","templated":true}]}}