{"id":815,"date":"2022-05-01T20:43:46","date_gmt":"2022-05-01T18:43:46","guid":{"rendered":"https:\/\/bussycestvous.fr\/?p=815"},"modified":"2025-03-01T20:53:11","modified_gmt":"2025-03-01T19:53:11","slug":"securite-cooperation-entre-toutes-les-forces","status":"publish","type":"post","link":"https:\/\/reveillonsensemblebussy.fr\/index.php\/2022\/05\/01\/securite-cooperation-entre-toutes-les-forces\/","title":{"rendered":"S\u00e9curit\u00e9\u2026 Coop\u00e9ration entre toutes les forces locales de police et de justice : des lois et d\u00e9crets port\u00e9s par notre d\u00e9put\u00e9 local \u00e0 la mise en place concr\u00e8te au sein de notre agglom\u00e9ration de Marne et Gondoire"},"content":{"rendered":"\n<p>Nous arrivons au moment des l\u00e9gislatives 2022\u2026 J\u2019entends souvent dire que les D\u00e9put\u00e9s ne servent \u00e0 rien. J\u2019ai d\u00e9cid\u00e9 aujourd\u2019hui de vous prouver le contraire en approfondissant un sujet qui nous touche tous\u00a0: notre s\u00e9curit\u00e9 du quotidien \u00e0 l\u2019\u00e9chelle de Marne et Gondoire, notre agglom\u00e9ration.<\/p>\n\n\n\n<!--more-->\n\n\n\n<h2 class=\"wp-block-heading\"><strong><u>Les grands principes de la territorialisation publique\u00a0: tous unis autour des citoyens dans chaque territoire<\/u><\/strong><\/h2>\n\n\n\n<p>Vous avez peut-\u00eatre entendu parler de territorialisation de l\u2019action publique. Elle r\u00e9pond \u00e0 deux besoins\u00a0: d\u00e9cloisonner les acteurs locaux et leur permettre d\u2019\u00e9laborer des solutions sur mesure plut\u00f4t qu\u2019essayer de l\u00e9gif\u00e9rer depuis Paris. Emploi, innovation, entrepreneuriat, d\u00e9veloppement \u00e9conomique, environnement, s\u00e9curit\u00e9, sant\u00e9, handicap, social, urbanisme, scolaire, \u00e9conomie sociale et solidaire, etc., les cadres de coop\u00e9ration impuls\u00e9s par l\u2019\u00c9tat localement entre tous les acteurs d\u2019un m\u00eame territoire se sont d\u00e9velopp\u00e9s aujourd\u2019hui dans tous les domaines. <\/p>\n\n\n\n<p>En tant que chercheur, je me suis int\u00e9ress\u00e9e \u00e0 ces nouveaux modes d&rsquo;action publique.<\/p>\n\n\n\n<p><a href=\"https:\/\/acteurspublics.fr\/articles\/valery-michaux-reussir-la-territorialisation-de-la-transition-energetique\">https:\/\/acteurspublics.fr\/articles\/valery-michaux-reussir-la-territorialisation-de-la-transition-energetique<\/a><\/p>\n\n\n\n<h2 class=\"wp-block-heading\"><strong><u>Votre d\u00e9put\u00e9, Jean-Michel Fauvergue, ancien patron du RAID<\/u><\/strong><\/h2>\n\n\n\n<p>Les Contrats de S\u00e9curit\u00e9 Int\u00e9gr\u00e9e (CSI) d\u00e9velopp\u00e9s au niveau des territoires locaux constituent un de ces cadres de coop\u00e9ration impuls\u00e9s par l\u2019\u00c9tat.<\/p>\n\n\n\n<p>C\u2019est un des axes importants qu\u2019a voulu impulser le gouvernement Macron pour agir sur la s\u00e9curit\u00e9 du quotidien. <\/p>\n\n\n\n<p>Cet axe rentre dans la logique du \u00ab\u00a0Continuum de s\u00e9curit\u00e9\u00a0\u00bb entre toutes les forces de police qui a \u00e9t\u00e9 le fil rouge essentiel de l&rsquo;action de Jean Michel Fauvergue, notre d\u00e9put\u00e9 local de la circonscription 8 de Seine de Marne de 2017 \u00e0 2022. Jean Michel Fauvergue a \u00e9t\u00e9 patron du RAID et il s\u2019est employ\u00e9 depuis le d\u00e9but de son mandat \u00e0 impulser au niveau national un d\u00e9cloisonnement des forces de police nationale, municipale et de gendarmerie malgr\u00e9 les freins que l&rsquo;on peut imaginer. Avant d\u2019en faire des lois (Loi s\u00e9curit\u00e9 globale notamment), il en avait fait un rapport parlementaire et un ouvrage qui se sont incarn\u00e9s dans diff\u00e9rents textes l\u00e9gislatifs. Aujourd&rsquo;hui, il a d\u00e9cid\u00e9 de ne pas se repr\u00e9senter \u00e0 un nouveau mandat de d\u00e9put\u00e9 pour repartir vers l&rsquo;action.\u00a0\u00a0\u00a0\u00a0<\/p>\n\n\n\n<div class=\"wp-block-image\"><figure class=\"aligncenter size-full\"><a href=\"https:\/\/livre.fnac.com\/a13195951\/Jean-Michel-Fauvergue-La-securite-des-Francais\"><img loading=\"lazy\" decoding=\"async\" width=\"326\" height=\"522\" src=\"https:\/\/bussycestvous.fr\/wp-content\/uploads\/2022\/05\/Jean-Michel-Fauvergue-1.png\" alt=\"\" class=\"wp-image-818\" srcset=\"https:\/\/reveillonsensemblebussy.fr\/wp-content\/uploads\/2022\/05\/Jean-Michel-Fauvergue-1.png 326w, https:\/\/reveillonsensemblebussy.fr\/wp-content\/uploads\/2022\/05\/Jean-Michel-Fauvergue-1-187x300.png 187w\" sizes=\"auto, (max-width: 326px) 100vw, 326px\" \/><\/a><\/figure><\/div>\n\n\n\n<h2 class=\"wp-block-heading\"><strong><u>Qu\u2019est-ce qu\u2019un Contrat de s\u00e9curit\u00e9 int\u00e9gr\u00e9e (CSI)\u00a0?<\/u><\/strong><\/h2>\n\n\n\n<p>L&rsquo;action de Jean-Miche Fauvergue \u00e0 l&rsquo;Assembl\u00e9e Nationale a notamment boost\u00e9 la mise en place des CSI.<\/p>\n\n\n\n<p>Les\u00a0CSI portent l\u2019ambition de\u00a0lutter plus efficacement contre l\u2019ins\u00e9curit\u00e9 en associant tous les\u00a0acteurs, de la\u00a0pr\u00e9vention \u00e0 la\u00a0r\u00e9pression sur un m\u00eame territoire. Ce\u00a0nouvel outil a pour but de renforcer et concr\u00e9tiser les engagements r\u00e9ciproques pris entre l\u2019\u00c9tat et les\u00a0collectivit\u00e9s territoriales pour la\u00a0s\u00e9curit\u00e9 de tous sur un territoire clairement identifi\u00e9. Il repose sur un\u00a0diagnostic partag\u00e9, qui inclut des\u00a0facteurs quantitatifs (donn\u00e9es relatives \u00e0 la\u00a0d\u00e9linquance) et qualitatifs (\u00e9tat des\u00a0lieux des\u00a0moyens engag\u00e9s et m\u00e9thodes de travail de chacune des forces de police) sur la s\u00e9curit\u00e9 publique et la\u00a0pr\u00e9vention.<\/p>\n\n\n\n<p><a href=\"https:\/\/www.weka.fr\/actualite\/securite\/article\/le-gouvernement-accelere-la-signature-des-contrats-de-securite-integree-129011\/ \">https:\/\/www.weka.fr\/actualite\/securite\/article\/le-gouvernement-accelere-la-signature-des-contrats-de-securite-integree-129011\/ <\/a><\/p>\n\n\n\n<p><strong>Un CSI, c&rsquo;est l&rsquo;occasion d&rsquo;ouvrir la discussion entre des acteurs publics tr\u00e8s divers qui peuvent jouer un r\u00f4le dans la s\u00e9curit\u00e9 du quotidien <\/strong><\/p>\n\n\n\n<p>Cette\u00a0approche globale doit associer tous les\u00a0acteurs locaux qui peuvent jouer un r\u00f4le pr\u00e9ventif ou r\u00e9pressif localement : police nationale, gendarmerie, services du\u00a0minist\u00e8re de la\u00a0justice et de l\u2019\u00e9ducation nationale, acteurs de la\u00a0pr\u00e9vention sp\u00e9cialis\u00e9e et du\u00a0traitement de la\u00a0jeunesse, moyens des\u00a0collectivit\u00e9s locales notamment des\u00a0polices municipales, gestionnaires de transport, bailleurs sociaux, etc. Le CSI comporte plusieurs volets\u00a0: un\u00a0volet s\u00e9curit\u00e9 publique, un\u00a0volet justice, un\u00a0volet pr\u00e9vention de la\u00a0d\u00e9linquance, un\u00a0volet d\u00e9di\u00e9 aux mineurs et \u00e0 l&rsquo;\u00e9ducation nationale, un\u00a0volet radicalisation et s\u00e9paratisme et un\u00a0volet transport, un volet accompagnement des victimes.<\/p>\n\n\n\n<p>Le premier CSI a \u00e9t\u00e9 sign\u00e9 \u00e0 Toulouse le 9\u00a0octobre 2020.\u00a0En avril 2022, on en comptait 40 au plan national. Ces contrats ne vont pas de soi. En effet, ils exigent des formes de collaborations qui sont parfois nouvelles au plan local entre la police nationale et la police municipale voire des r\u00e9partitions de responsabilit\u00e9s diff\u00e9rentes. Or, dans chacun de ces corps, s\u2019expriment parfois des freins divers.\u00a0<\/p>\n\n\n\n<p><a href=\"https:\/\/www.lagazettedescommunes.com\/799083\/carte-plus-de-40-contrats-de-securite-integree-ont-dores-et-deja-ete-signes\/\">https:\/\/www.lagazettedescommunes.com\/799083\/carte-plus-de-40-contrats-de-securite-integree-ont-dores-et-deja-ete-signes\/<\/a><\/p>\n\n\n\n<p><strong>Les GPO\u00a0ou \u00ab\u00a0Groupes de Partenariat Op\u00e9rationnels\u00a0\u00bb incarnent concr\u00e8tement cette volont\u00e9 de travailler tous ensemble autour des probl\u00e8mes de s\u00e9curit\u00e9 propres \u00e0 chaque territoire<\/strong><\/p>\n\n\n\n<p>Ces formes de collaboration s\u2019incarnent notamment dans les GPO\u00a0ou \u00ab\u00a0Groupes de Partenariat Op\u00e9rationnels\u00a0\u00bb qui ont \u00e9t\u00e9 lanc\u00e9 dans le cadre de la Police de s\u00e9curit\u00e9 au quotidien. Il s&rsquo;agit d&rsquo;effectifs de police nationale d\u00e9di\u00e9s au contact avec les partenaires des villes et des quartiers. L\u2019objectif est de r\u00e9fl\u00e9chir ensemble aux probl\u00e9matiques sp\u00e9cifiques locales et de trouver ensemble des solutions <em>ad hoc<\/em>.<\/p>\n\n\n\n<h2 class=\"wp-block-heading\"><strong><u>La communaut\u00e9 d\u2019agglom\u00e9ration de Marne et Gondoire, dans les 40 premiers contrats de s\u00e9curit\u00e9 int\u00e9gr\u00e9e en France \u00a0<\/u><\/strong><\/h2>\n\n\n\n<p>Sur les 40 CSI de France, on compte celui de l\u2019agglom\u00e9ration de Marne et Gondoire. C\u2019est donc un des tout premier au niveau national et le premier au niveau du d\u00e9partement de la Seine et Marne. Pourquoi\u00a0? Parce qu&rsquo;il y a une tradition de collaboration locale qui a \u00e9t\u00e9 incarn\u00e9e en 2019 par une Strat\u00e9gie\u00a0intercommunale de\u00a0s\u00e9curit\u00e9\u00a0et de pr\u00e9vention de la d\u00e9linquance. C\u2019est donc naturellement que les diff\u00e9rents partenaires ont pu se remettre autour de la table pour aller plus loin dans leurs engagements. Notamment, ces r\u00e9flexions ont \u00e9galement impliqu\u00e9 le procureur de la R\u00e9publique pr\u00e8s du Tribunal Judiciaire de Meaux pour renforcer \u00e9galement les synergies locales avec le volet justice. \u00a0<\/p>\n\n\n\n<p>Nous avons valid\u00e9 en Conseil Communautaire fin 2021 notre Contrat de s\u00e9curit\u00e9 int\u00e9gr\u00e9e 2021-2026 qui d\u00e9taille les engagements humains, mat\u00e9riels et financiers entre l\u2019\u00c9tat (Pr\u00e9fecture de Seine et Marne) et les communes composant la Communaut\u00e9 d\u2019Agglom\u00e9ration de Marne et Gondoire dont Bussy-Saint-Georges. Il a \u00e9t\u00e9 d\u00e9finitivement sign\u00e9 le 8 mars 2022.<\/p>\n\n\n\n<p>Notre CSI est compos\u00e9 de 78 engagements r\u00e9ciproques (qui s\u2019appliquent pour 5 ans, de 2022 \u00e0 2026) de l\u2019Etat et des communes composant l\u2019agglom\u00e9ration de Marne et Gondoire.<\/p>\n\n\n\n<p><a href=\"https:\/\/www.marneetgondoire.fr\/documents\/Documents\/A_MetGhebdo\/MGH156.pdf\">https:\/\/www.marneetgondoire.fr\/documents\/Documents\/A_MetGhebdo\/MGH156.pdf<\/a><\/p>\n\n\n\n<h2 class=\"wp-block-heading\"><strong><u>Quels sont les engagements du c\u00f4t\u00e9 Etat\u00a0?<\/u><\/strong><\/h2>\n\n\n\n<p><strong>Plus d&rsquo;effectifs de police nationale, une nouvelle organisation et une pr\u00e9sence renforc\u00e9e 7j\/7j m\u00eame la nuit<\/strong><\/p>\n\n\n\n<p>On a un doublement des BST (Brigades Sp\u00e9cialis\u00e9es de Terrain). Les BST jouent le r\u00f4le de police de proximit\u00e9. Elles sont attach\u00e9es \u00e0 un secteur et doivent nouer et garder le contact avec la population. Selon les termes de notre CSI (Contrat de S\u00e9curit\u00e9 Int\u00e9gr\u00e9e), les BST constitue un dispositif dont l\u2019efficacit\u00e9 et la r\u00e9activit\u00e9 sont salu\u00e9s par les \u00e9lus locaux de l\u2019agglom\u00e9ration. Leur visibilit\u00e9 aupr\u00e8s des habitants (patrouilles p\u00e9destres r\u00e9guli\u00e8res), leur capacit\u00e9 \u00e0 r\u00e9soudre des probl\u00e8mes concrets au plus pr\u00e8s des pr\u00e9occupations de la population, leur proximit\u00e9 avec les polices municipales en font un acteur indispensable de la politique locale de s\u00e9curit\u00e9. Jusqu\u2019\u00e0 pr\u00e9sent, il n\u2019y avait qu\u2019une BST de 8 policiers nationaux dans le p\u00e9rim\u00e8tre de Marne et Gondoire alors qu\u2019il y a 2 GPO\u00a0(Groupes de Partenariat Op\u00e9rationnels). Dans le cadre du Contrat, l\u2019Etat s\u2019engage \u00e0 cr\u00e9er une seconde BST de 10 policiers et \u00e0 compl\u00e9ter les effectifs de la BST existante soit le recrutement de 12 nouveaux policiers nationaux. La meilleure imbrication entre chaque GPO\/BST devrait apporter des r\u00e9sultats concrets. Ils seront en contact constant sur la voie publique avec tous les partenaires sociaux et institutionnels. La mise en place de ce nouveau d\u00e9coupage devrait assurer une pr\u00e9sence sur la voie publique 7j\/7j et une accentuation des patrouilles sur voie publique de l&rsquo;ordre de 6% et dans les transports en commun de 10%. Il y aura donc plus de pr\u00e9sence polici\u00e8re dans les rues, y compris la nuit sur notre territoire. <\/p>\n\n\n\n<p>Les Permanences d\u2019Accueil Personnalis\u00e9 pour le grand public seront maintenues tous les mardis et jeudis de 17h00 \u00e0 19h00 sur le site de Chessy ou sur celui de Lagny-sur-Marne.<\/p>\n\n\n\n<p><strong>Des actions partenariales cibl\u00e9es <\/strong><\/p>\n\n\n\n<p>\u00a0Dans le cadre des deux GPO (Groupes de Partenariat Op\u00e9rationnels) de Marne et Gondoire, diff\u00e9rentes actions sont envisag\u00e9es pour renforcer les collaborations avec la police municipale mais plus globalement avec tous les acteurs locaux qui peuvent contribuer \u00e0 am\u00e9liorer la s\u00e9curit\u00e9 locale. Voici quelques exemples concrets. L\u2019\u00c9tat s\u2019engage \u00e0 identifier et prioriser les halls d\u2019immeuble les plus affect\u00e9s par la d\u00e9linquance de proximit\u00e9 (d\u00e9gradations, occupations, menaces etc.), d\u2019en dresser la cartographie et de d\u00e9terminer \u00e0 partir de ce document un plan d\u2019interventions r\u00e9guli\u00e8res. Un groupe de travail, incluant les bailleurs sociaux concern\u00e9s, sera charg\u00e9 d\u2019identifier les auteurs r\u00e9guliers de troubles de petite d\u00e9linquance et de d\u00e9terminer la r\u00e9ponse appropri\u00e9e. L\u2019\u00c9tat s\u2019engage \u00e9galement \u00e0 amplifier la lutte contre les rod\u00e9os urbains. Parall\u00e8lement, des groupes de travail entre police nationale et police municipale vont permettre de mieux accompagner l\u2019\u00e9volution des missions des polices municipales (loi s\u00e9curit\u00e9 globale) et int\u00e9grer le d\u00e9veloppement des missions conjointes (patrouilles de surveillance mixtes, patrouilles de contact mixtes, participation aux op\u00e9rations de s\u00e9curit\u00e9 du quotidien etc.).<\/p>\n\n\n\n<p><strong>Une justice de proximit\u00e9 plus rapide<\/strong><\/p>\n\n\n\n<p>Dans le cadre du CSI, le parquet de Meaux s\u2019engage \u00e0 organiser une fili\u00e8re interne d\u00e9di\u00e9e au traitement des infractions du quotidien, instaurant un traitement en temps r\u00e9el des faits relevant de la justice de proximit\u00e9. Le lien entre le parquet et les polices municipales va \u00e9galement \u00eatre renforc\u00e9.<\/p>\n\n\n\n<h2 class=\"wp-block-heading\"><strong><u>Quels sont les engagements du c\u00f4t\u00e9 des 20 communes composant l\u2019agglom\u00e9ration de Marne et Gondoire\u00a0? \u00a0<\/u><\/strong>\u00a0<\/h2>\n\n\n\n<p>D&rsquo;ici 2026, les communes vont installer 30 nouvelles cam\u00e9ras de vid\u00e9o-protection avec la collaboration financi\u00e8re de l\u2019Etat et recruter 20 policiers municipaux. La brigade \u00e9questre de la police nationale, qui op\u00e8re sur tout Marne et Gondoire, va \u00eatre dot\u00e9e d\u2019un troisi\u00e8me cheval gr\u00e2ce \u00e0 une participation de la communaut\u00e9 d\u2019agglom\u00e9ration aux frais induits. Les moyens de m\u00e9diation seront \u00e9galement renforc\u00e9s et mis en synergie avec l\u2019ensemble du dispositif. Il pourra permettre des embauches suppl\u00e9mentaires de m\u00e9diateurs ou des moyens pour des op\u00e9rations qui cherchent \u00e0 occuper les jeunes avec des activit\u00e9s sportives et culturelles. Depuis novembre 2021, il y a \u00e9galement eu la d\u00e9cision de financer un poste d\u2019assistance sociale directement au sein du commissariat pour mieux prendre en compte les victimes.<\/p>\n\n\n\n<p><a href=\"https:\/\/actu.fr\/ile-de-france\/lagny-sur-marne_77243\/marne-et-gondoire-davantage-de-policiers-dans-les-20-communes_49505975.html \">https:\/\/actu.fr\/ile-de-france\/lagny-sur-marne_77243\/marne-et-gondoire-davantage-de-policiers-dans-les-20-communes_49505975.html <\/a><\/p>\n","protected":false},"excerpt":{"rendered":"<p>Nous arrivons au moment des l\u00e9gislatives 2022\u2026 J\u2019entends souvent dire que les D\u00e9put\u00e9s ne servent \u00e0 rien. J\u2019ai d\u00e9cid\u00e9 aujourd\u2019hui de vous prouver le contraire en approfondissant un sujet qui nous touche tous\u00a0: notre s\u00e9curit\u00e9 du quotidien \u00e0 l\u2019\u00e9chelle de Marne et Gondoire, notre agglom\u00e9ration.<\/p>\n","protected":false},"author":4,"featured_media":836,"comment_status":"open","ping_status":"open","sticky":false,"template":"","format":"standard","meta":{"footnotes":""},"categories":[2,4],"tags":[17,23,87,107],"class_list":["post-815","post","type-post","status-publish","format-standard","has-post-thumbnail","hentry","category-actus","category-cmetca","tag-bussy-saint-georges","tag-camg-2","tag-securite","tag-valerymichaux"],"_links":{"self":[{"href":"https:\/\/reveillonsensemblebussy.fr\/index.php\/wp-json\/wp\/v2\/posts\/815","targetHints":{"allow":["GET"]}}],"collection":[{"href":"https:\/\/reveillonsensemblebussy.fr\/index.php\/wp-json\/wp\/v2\/posts"}],"about":[{"href":"https:\/\/reveillonsensemblebussy.fr\/index.php\/wp-json\/wp\/v2\/types\/post"}],"author":[{"embeddable":true,"href":"https:\/\/reveillonsensemblebussy.fr\/index.php\/wp-json\/wp\/v2\/users\/4"}],"replies":[{"embeddable":true,"href":"https:\/\/reveillonsensemblebussy.fr\/index.php\/wp-json\/wp\/v2\/comments?post=815"}],"version-history":[{"count":1,"href":"https:\/\/reveillonsensemblebussy.fr\/index.php\/wp-json\/wp\/v2\/posts\/815\/revisions"}],"predecessor-version":[{"id":1261,"href":"https:\/\/reveillonsensemblebussy.fr\/index.php\/wp-json\/wp\/v2\/posts\/815\/revisions\/1261"}],"wp:featuredmedia":[{"embeddable":true,"href":"https:\/\/reveillonsensemblebussy.fr\/index.php\/wp-json\/wp\/v2\/media\/836"}],"wp:attachment":[{"href":"https:\/\/reveillonsensemblebussy.fr\/index.php\/wp-json\/wp\/v2\/media?parent=815"}],"wp:term":[{"taxonomy":"category","embeddable":true,"href":"https:\/\/reveillonsensemblebussy.fr\/index.php\/wp-json\/wp\/v2\/categories?post=815"},{"taxonomy":"post_tag","embeddable":true,"href":"https:\/\/reveillonsensemblebussy.fr\/index.php\/wp-json\/wp\/v2\/tags?post=815"}],"curies":[{"name":"wp","href":"https:\/\/api.w.org\/{rel}","templated":true}]}}