{"id":787,"date":"2022-03-25T19:22:39","date_gmt":"2022-03-25T18:22:39","guid":{"rendered":"https:\/\/bussycestvous.fr\/?p=787"},"modified":"2025-03-01T21:31:11","modified_gmt":"2025-03-01T20:31:11","slug":"independance-energetique-de-la-france","status":"publish","type":"post","link":"https:\/\/reveillonsensemblebussy.fr\/index.php\/2022\/03\/25\/independance-energetique-de-la-france\/","title":{"rendered":"Ind\u00e9pendance \u00e9nerg\u00e9tique de la France : Marne et Gondoire, tr\u00e8s en avance avec son Plan Climat Air \u00c9nergie d\u00e9marr\u00e9 d\u00e8s 2021."},"content":{"rendered":"\n<p>En plus d\u2019\u00eatre \u00e9lue au Conseil Municipal de Bussy-Saint-Georges, je suis \u00e9galement \u00e9lue au Conseil de notre agglom\u00e9ration Marne et Gondoire. Peut-\u00eatre ne connaissez-vous pas bien ce que fait votre agglom\u00e9ration. R\u00e9guli\u00e8rement, je vous tiendrais au courant.&nbsp; &nbsp;&nbsp;<\/p>\n\n\n\n<p>Dans un pr\u00e9c\u00e9dent article, nous avions soulign\u00e9 \u00e0 quel point Marne et Gondoire, notre agglom\u00e9ration est tr\u00e8s pollu\u00e9e par les diverses autoroutes qui traversent le territoire.<\/p>\n\n\n\n<!--more-->\n\n\n\n<blockquote class=\"wp-embedded-content\" data-secret=\"tduoUXdXPW\"><a href=\"https:\/\/bussycestvous.fr\/2021\/04\/04\/chiffres-cles-marne-et-gondoire-une-agglomeration-plus-polluee-que-les-autres-territoires-par-les-transports-et-en-premiere-ligne-bussy-saint-georges-soyons-vigilants-aux-politi\/\">Marne et Gondoire, Bussy-Saint-Georges, pollu\u00e9s<\/a><\/blockquote><iframe loading=\"lazy\" class=\"wp-embedded-content\" sandbox=\"allow-scripts\" security=\"restricted\" style=\"position: absolute; clip: rect(1px, 1px, 1px, 1px);\" title=\"\u00ab\u00a0Marne et Gondoire, Bussy-Saint-Georges, pollu\u00e9s\u00a0\u00bb &#8212; Bussy c&#039;est vous\" src=\"https:\/\/bussycestvous.fr\/2021\/04\/04\/chiffres-cles-marne-et-gondoire-une-agglomeration-plus-polluee-que-les-autres-territoires-par-les-transports-et-en-premiere-ligne-bussy-saint-georges-soyons-vigilants-aux-politi\/embed\/#?secret=pG7fuXuBi8#?secret=tduoUXdXPW\" data-secret=\"tduoUXdXPW\" width=\"525\" height=\"296\" frameborder=\"0\" marginwidth=\"0\" marginheight=\"0\" scrolling=\"no\"><\/iframe>\n\n\n\n<h2 class=\"wp-block-heading\"><strong>Le plan Climat Air \u00c9nergie : qu&rsquo;est-ce que c&rsquo;est ?<\/strong> <strong>Et pourquoi est-il le bras arm\u00e9 des transitions environnementales et \u00e9nerg\u00e9tiques ?<\/strong><\/h2>\n\n\n\n<p>Les plans Climat, Air, \u00c9nergie territoriaux (PCAET) constituent des cadres de concertation \u00e0 l\u2019\u00e9chelle des communaut\u00e9s de communes de plus de 20&nbsp;000 habitants, des communaut\u00e9s d\u2019agglom\u00e9ration et des m\u00e9tropoles. Ces cadres de coop\u00e9ration permettent de faire un diagnostic partag\u00e9 du territoire, se fixer des objectifs communs et d\u00e9velopper un plan d&rsquo;actions complet \u00e0 court, moyen et long terme pour r\u00e9aliser ces objectifs. Ils permettent aux collectivit\u00e9s de jouer un r\u00f4le cl\u00e9 dans la mise en \u0153uvre des objectifs nationaux de lutte contre le changement climatique, la ma\u00eetrise des consommations d\u2019\u00e9nergie et dans la mise en \u0153uvre des \u00e9nergies renouvelables. <\/p>\n\n\n\n<p>Ces plans ont \u00e9t\u00e9 progressivement rendus obligatoires depuis 2019 et deviennent aujourd\u2019hui le bras arm\u00e9 des transitions \u00e9nerg\u00e9tiques et climatiques. D\u2019autant qu\u2019il y a urgence\u2026&nbsp;<\/p>\n\n\n\n<p>L\u2019\u00e9t\u00e9 et la rentr\u00e9e 2021 resteront un moment charni\u00e8re dans la lutte contre le changement climatique. Le dernier rapport du GIEC sort. Il est sans appel. L&rsquo;objectif de limiter le r\u00e9chauffement de la plan\u00e8te \u00e0 1,5 \u00b0C, pr\u00e9vu par l&rsquo;Accord de Paris, n\u2019est d\u00e9j\u00e0 quasiment plus tenable. L\u2019\u00e9t\u00e9 2021, c\u2019est aussi la date de la promulgation de la loi Climat et R\u00e9silience en France. Cette loi met particuli\u00e8rement l\u2019accent sur la sobri\u00e9t\u00e9 \u00e9nerg\u00e9tique et la r\u00e9novation \u00e9nerg\u00e9tique des b\u00e2timents. Elle vient compl\u00e9ter d\u2019autres r\u00e9gulations r\u00e9centes comme l&rsquo;interdiction d\u2019installer une nouvelle chaudi\u00e8re au fuel. Parall\u00e8lement, le plan de relance met l\u2019accent sur les \u00e9nergies et les technologies vertes pour r\u00e9pondre \u00e0 l\u2019Agence Internationale de l\u2019Energie qui consid\u00e8re que la France est en retard par rapport \u00e0 ses objectifs en termes d\u2019\u00e9nergies propres.<\/p>\n\n\n\n<h2 class=\"wp-block-heading\"><strong>Marne et Gondoire parmi les 11 % de territoires en France a avoir termin\u00e9 la r\u00e9flexion sur les actions \u00e0 mener<\/strong><\/h2>\n\n\n\n<p>Une \u00e9tude r\u00e9cente conduite par l\u2019AdCF (La contribution des intercommunalit\u00e9s dans la transition \u00e9nerg\u00e9tique&nbsp;: analyse des PCAET approuv\u00e9s, 2021) permet d\u2019avoir une vision de l\u2019avanc\u00e9e de ces d\u00e9marches aujourd\u2019hui. Seuls 15 % des territoires ont compl\u00e8tement termin\u00e9 \u00e0 ce jour le diagnostic partag\u00e9 et le plan d\u2019actions. Marne et Gondoire fait partie de ceux-l\u00e0 puisque les discussions autour du PCAET ont commenc\u00e9 en 2019. Une longue concertation avec les professionnels et les habitants a permis de b\u00e2tir un plan d\u2019actions coh\u00e9rent. Les \u00e9lus de Marne et Gondoire ont&nbsp;approuv\u00e9 le PCAET le 15 mars 2021.<\/p>\n\n\n\n<p>5 axes sont d\u00e9velopp\u00e9s&nbsp;: B\u00e2timent et Habitat, Mobilit\u00e9, Agriculture et Nature, Economie locale, Nouvelles \u00e9nergies.<\/p>\n\n\n\nhttps:\/\/www.marneetgondoire.fr\/eco-citoyennete\/le-plan-climat-air-energie-territorial-1682.html\n\n\n\n<p><\/p>\n\n\n\n<p>Deux actions m\u2019ont particuli\u00e8rement marqu\u00e9e dans ce PCAET. <\/p>\n\n\n\n<ul class=\"wp-block-list\"><li> Nous allons produire du biom\u00e9thane et le l\u2019hydrog\u00e8ne \u00e0 partir des boues d\u2019\u00e9puration du SIAM (syndicat intercommunal d&rsquo;assainissement de Marne la Vall\u00e9e). On peut faire rouler des bus 0 \u00e9missions avec ces deux biogaz. Production d&rsquo;\u00e9nergie locale et autoconsommation sur place. Dans un contexte de guerre en Ukraine et d\u2019urgence \u00e0 instaurer une ind\u00e9pendance \u00e9nerg\u00e9tique, nous faisons partie des territoires en avance. Au SIETREM (Syndicat mixte pour l&rsquo;enl\u00e8vement et le traitement des r\u00e9sidus m\u00e9nagers), on part vers un r\u00e9seau de chaleur pour irriguer les nouveaux quartiers de Lagny et sans doute de Bussy. Int\u00e9ressant aussi dans le cadre de l&rsquo;ind\u00e9pendance \u00e9nerg\u00e9tique. Parall\u00e8lement, il est pr\u00e9vu une ferme solaire \u00e0 Saint Thibault des Vignes.<\/li><\/ul>\n\n\n\n<ul class=\"wp-block-list\"><li>Enfin, la r\u00e9novation \u00e9nerg\u00e9tique des b\u00e2timents est un point extr\u00eamement important de la d\u00e9marche de r\u00e9duction des gaz \u00e0 effet de serre mais aussi des \u00e9conomies d&rsquo;\u00e9nergie. A Marne et Gondoire, en moyenne, les logements sont mal isol\u00e9s. Le r\u00e9sidentiel repr\u00e9sente 27 % des \u00e9missions de gaz \u00e0 effet de serre \u00e0 Marne et Gondoire alors qu\u2019en France, il ne repr\u00e9sente que 20 %. Ici aussi, les territoires locaux comme les agglom\u00e9rations sont le bras arm\u00e9 des transitions \u00e9cologiques et \u00e9nerg\u00e9tiques.<\/li><\/ul>\n\n\n\n<h2 class=\"wp-block-heading\"><strong>Service unique de r\u00e9novation \u00e9nerg\u00e9tique local<\/strong><\/h2>\n\n\n\n<p>La Communaut\u00e9 d\u2019Agglom\u00e9ration de Marne et Gondoire, en collaboration avec le D\u00e9partement de Seine-et-Marne et Seine-et-Marne Environnement ont mis en place un Service Unique de R\u00e9novation \u00c9nerg\u00e9tique avec une assistance gratuite et personnalis\u00e9e \u00e0 destination des particuliers et professionnels&nbsp;: <\/p>\n\n\n\n<ul class=\"wp-block-list\"><li>Conseils et informations techniques, financi\u00e8res, fiscales, et r\u00e9glementaires<\/li><li>Aide \u00e0 la recherche d\u2019un entrepreneur fiable<\/li><li>Analyse des devis et aide au suivi des travaux.<\/li><\/ul>\n\n\n\n<p>N\u2019h\u00e9sitez pas \u00e0 les contacter. <\/p>\n\n\n\nhttps:\/\/www.marneetgondoire.fr\/toutes-les-actualites\/actualite-23\/votre-agglo-vous-accompagne-dans-la-renovation-energetique-de-votre-logement-3177.html?cHash=7eb029b05cbc37d9cb413d205d069a54\n\n\n\n<p><\/p>\n\n\n\n<figure class=\"wp-block-image size-full\"><img loading=\"lazy\" decoding=\"async\" width=\"538\" height=\"265\" src=\"https:\/\/bussycestvous.fr\/wp-content\/uploads\/2022\/03\/Image.png\" alt=\"\" class=\"wp-image-788\" srcset=\"https:\/\/reveillonsensemblebussy.fr\/wp-content\/uploads\/2022\/03\/Image.png 538w, https:\/\/reveillonsensemblebussy.fr\/wp-content\/uploads\/2022\/03\/Image-300x148.png 300w\" sizes=\"auto, (max-width: 538px) 100vw, 538px\" \/><\/figure>\n","protected":false},"excerpt":{"rendered":"<p>En plus d\u2019\u00eatre \u00e9lue au Conseil Municipal de Bussy-Saint-Georges, je suis \u00e9galement \u00e9lue au Conseil de notre agglom\u00e9ration Marne et Gondoire. Peut-\u00eatre ne connaissez-vous pas bien ce que fait votre agglom\u00e9ration. R\u00e9guli\u00e8rement, je vous tiendrais au courant.&nbsp; &nbsp;&nbsp; Dans un pr\u00e9c\u00e9dent article, nous avions soulign\u00e9 \u00e0 quel point Marne et Gondoire, notre agglom\u00e9ration est tr\u00e8s &hellip; <\/p>\n<p class=\"link-more\"><a href=\"https:\/\/reveillonsensemblebussy.fr\/index.php\/2022\/03\/25\/independance-energetique-de-la-france\/\" class=\"more-link\">Continuer la lecture<span class=\"screen-reader-text\"> de &laquo;&nbsp;Ind\u00e9pendance \u00e9nerg\u00e9tique de la France : Marne et Gondoire, tr\u00e8s en avance avec son Plan Climat Air \u00c9nergie d\u00e9marr\u00e9 d\u00e8s 2021.&nbsp;&raquo;<\/span><\/a><\/p>\n","protected":false},"author":4,"featured_media":789,"comment_status":"open","ping_status":"open","sticky":false,"template":"","format":"standard","meta":{"footnotes":""},"categories":[2,6],"tags":[23,41,107],"class_list":["post-787","post","type-post","status-publish","format-standard","has-post-thumbnail","hentry","category-actus","category-causeslocales","tag-camg-2","tag-developpement-durable","tag-valerymichaux"],"_links":{"self":[{"href":"https:\/\/reveillonsensemblebussy.fr\/index.php\/wp-json\/wp\/v2\/posts\/787","targetHints":{"allow":["GET"]}}],"collection":[{"href":"https:\/\/reveillonsensemblebussy.fr\/index.php\/wp-json\/wp\/v2\/posts"}],"about":[{"href":"https:\/\/reveillonsensemblebussy.fr\/index.php\/wp-json\/wp\/v2\/types\/post"}],"author":[{"embeddable":true,"href":"https:\/\/reveillonsensemblebussy.fr\/index.php\/wp-json\/wp\/v2\/users\/4"}],"replies":[{"embeddable":true,"href":"https:\/\/reveillonsensemblebussy.fr\/index.php\/wp-json\/wp\/v2\/comments?post=787"}],"version-history":[{"count":1,"href":"https:\/\/reveillonsensemblebussy.fr\/index.php\/wp-json\/wp\/v2\/posts\/787\/revisions"}],"predecessor-version":[{"id":1265,"href":"https:\/\/reveillonsensemblebussy.fr\/index.php\/wp-json\/wp\/v2\/posts\/787\/revisions\/1265"}],"wp:featuredmedia":[{"embeddable":true,"href":"https:\/\/reveillonsensemblebussy.fr\/index.php\/wp-json\/wp\/v2\/media\/789"}],"wp:attachment":[{"href":"https:\/\/reveillonsensemblebussy.fr\/index.php\/wp-json\/wp\/v2\/media?parent=787"}],"wp:term":[{"taxonomy":"category","embeddable":true,"href":"https:\/\/reveillonsensemblebussy.fr\/index.php\/wp-json\/wp\/v2\/categories?post=787"},{"taxonomy":"post_tag","embeddable":true,"href":"https:\/\/reveillonsensemblebussy.fr\/index.php\/wp-json\/wp\/v2\/tags?post=787"}],"curies":[{"name":"wp","href":"https:\/\/api.w.org\/{rel}","templated":true}]}}