{"id":602,"date":"2021-11-22T15:05:00","date_gmt":"2021-11-22T14:05:00","guid":{"rendered":"https:\/\/bussycestvous.fr\/?p=602"},"modified":"2025-03-01T21:39:44","modified_gmt":"2025-03-01T20:39:44","slug":"arrachage-des-arbres","status":"publish","type":"post","link":"https:\/\/reveillonsensemblebussy.fr\/index.php\/2021\/11\/22\/arrachage-des-arbres\/","title":{"rendered":"Arrachage d\u2019une centaine d\u2019arbres le long de l\u2019Avenue du Clos Saint-Georges : apr\u00e8s le choc, les explications&#8230; Une n\u00e9cessit\u00e9 d\u2019accompagner ce type de projet par plus de communication et de concertation."},"content":{"rendered":"\n<p>C\u2019est un peu de Bussy qui s\u2019en va avec l\u2019arrachage de 110 acacias le long de l\u2019Avenue du Clos Saint-Georges en cette fin d\u2019ann\u00e9e 2021. Ces arbres vont \u00eatre remplac\u00e9s par une autre essence d\u2019arbre moins envahissante et des buissons de rosiers sauvages, capables de fleurir tout l\u2019\u00e9t\u00e9. <\/p>\n\n\n\n<!--more-->\n\n\n\n<p>Nos fameux pav\u00e9s seront \u00e9galement remplac\u00e9s par des mati\u00e8res plus modernes. Cela ne nous consolera pas de la perte de cette magnifique voute de feuilles qui accompagnait nos ballades sur cette avenue tranquille. Le remplacement d\u2019arbres ayant plus de 30 ans par des plus jeunes ne compensera pas non plus l\u2019effet \u00ab&nbsp;puit de carbone&nbsp;\u00bb si important en milieu urbain pour r\u00e9guler les temp\u00e9ratures et lutter contre le CO2. Cet article vise \u00e0 mieux comprendre les raisons de cette op\u00e9ration men\u00e9e par la mairie mais aussi \u00e0 tirer des enseignements sur la fa\u00e7on dont les citoyens de Bussy et les \u00e9lus n\u2019appartenant pas \u00e0 la majorit\u00e9, sont inform\u00e9s de ce type d\u2019op\u00e9ration.&nbsp; <\/p>\n\n\n\n<figure class=\"wp-block-image size-large\"><img loading=\"lazy\" decoding=\"async\" width=\"1024\" height=\"768\" src=\"https:\/\/bussycestvous.fr\/wp-content\/uploads\/2021\/12\/Bussy-Avenue-du-Clos-Saint-Georges-1024x768.jpg\" alt=\"\" class=\"wp-image-694\" srcset=\"https:\/\/reveillonsensemblebussy.fr\/wp-content\/uploads\/2021\/12\/Bussy-Avenue-du-Clos-Saint-Georges-1024x768.jpg 1024w, https:\/\/reveillonsensemblebussy.fr\/wp-content\/uploads\/2021\/12\/Bussy-Avenue-du-Clos-Saint-Georges-300x225.jpg 300w, https:\/\/reveillonsensemblebussy.fr\/wp-content\/uploads\/2021\/12\/Bussy-Avenue-du-Clos-Saint-Georges-768x576.jpg 768w, https:\/\/reveillonsensemblebussy.fr\/wp-content\/uploads\/2021\/12\/Bussy-Avenue-du-Clos-Saint-Georges-1536x1152.jpg 1536w, https:\/\/reveillonsensemblebussy.fr\/wp-content\/uploads\/2021\/12\/Bussy-Avenue-du-Clos-Saint-Georges.jpg 2016w\" sizes=\"auto, (max-width: 767px) 89vw, (max-width: 1000px) 54vw, (max-width: 1071px) 543px, 580px\" \/><figcaption>Jeudi 2 d\u00e9cembre 2021 &#8211; Un peu de tristesse de voir tous ces arbres partir&#8230; <\/figcaption><\/figure>\n\n\n\n<h2 class=\"wp-block-heading\"><strong>Septembre 2021 &#8211; Le choc<\/strong><\/h2>\n\n\n\n<p>Le Conseil de quartier est inform\u00e9 depuis l&rsquo;\u00e9t\u00e9 de ce projet, mais en tant qu\u2019\u00e9lues minoritaires, nous n\u2019avons jamais eu aucune information. C\u2019est le choc pour nous. La d\u00e9cision est irr\u00e9vocable. Plus de 100 acacias vont \u00eatre abattus au c\u0153ur de notre ville. Nous profitons du Conseil Municipal pour demander quelques explications. Le projet nous est confirm\u00e9.<\/p>\n\n\n\n<h2 class=\"wp-block-heading\"><strong>Novembre 2021 &#8211; La prise de connaissance du diagnostic<\/strong><\/h2>\n\n\n\n<p>D\u00e9but novembre, une lettre d\u2019information est distribu\u00e9e aux habitants de l\u2019Avenue du Clos Saint-Georges et de quelques rues adjacentes. Les membres du Conseil de quartier et les habitants du quartier sont convi\u00e9s, par la mairie, \u00e0 un diagnostic en marchant. Puis, quelques jours plus tard, une r\u00e9union publique d\u2019information est organis\u00e9e. Nous sommes \u00e0 chaque fois une vingtaine de personnes pour ces deux rencontres. Elles vont permettre une discussion directe entre les personnes en charge au sein de la mairie de coordonner les travaux, les \u00e9lus r\u00e9f\u00e9rents, de simples habitants et les repr\u00e9sentants des Conseils de quartier. Nous apprenons qu\u2019un diagnostic a \u00e9t\u00e9 \u00e9tabli par l\u2019ONF. Il y a exactement 110 arbres dans cette rue dont 25 % n\u00e9cessitent d\u2019\u00eatre abattus assez rapidement car dangereux. Plus g\u00e9n\u00e9ralement, 45 % pr\u00e9sentent des probl\u00e8mes qui pourraient potentiellement pr\u00e9senter des difficult\u00e9s dans les 10 ans qui viennent. <\/p>\n\n\n\n<p>Plusieurs sc\u00e9narios auraient \u00e9t\u00e9 possibles. <\/p>\n\n\n\n<p>Premier sc\u00e9nario&nbsp;: abattre les 25 % d\u2019arbres vraiment malades et attendre que les autres arbres pr\u00e9sentent des difficult\u00e9s pour les remplacer. Avec ce second sc\u00e9nario, il serait rest\u00e9 50 arbres cinquantenaire environ dans cette rue dans 10 ans. <\/p>\n\n\n\n<p>Second sc\u00e9nario&nbsp;: &nbsp;abattre tous les arbres en m\u00eame temps, y compris les 55 % d\u2019arbres sains aujourd\u2019hui, replanter des arbres et des rosiers sauvages et en profiter pour refaire les trottoirs abim\u00e9s, l\u2019\u00e9clairage public et rendre plus confortables les abris de bus. Avec ce second sc\u00e9nario, on obtient un peu moins de 100 arbres encore jeunes dans 10 ans. <\/p>\n\n\n\n<p>Quelle d\u00e9cision auriez-vous prise&nbsp;? Aucun des deux sc\u00e9narios n\u2019est pleinement satisfaisant car il est tr\u00e8s n\u00e9gatif de couper 60 arbres encore sains, surtout \u00e0 un moment o\u00f9 chacun prend conscience \u00e0 quel point le capital arbre est essentiel dans les villes. Les \u00e9lus majoritaires ont opt\u00e9 pour le second sc\u00e9nario. Cet article ne vise pas \u00e0 critiquer cette d\u00e9cision. Nous laissons chacun se faire sa propre opinion.<\/p>\n\n\n\n<h2 class=\"wp-block-heading\"><strong>L\u2019importance de la communication et de la concertation<\/strong><\/h2>\n\n\n\n<p>Cet article vise \u00e0 souligner \u00e0 quel point ce type de d\u00e9cision doit \u00eatre l\u2019occasion d\u2019\u00e9changes et de concertation. C\u2019\u00e9tait la philosophie initiale des Conseils Municipaux en principe&nbsp;!! Est-ce bien normal qu\u2019en tant qu\u2019\u00e9lues minoritaires, dont les diff\u00e9rentes listes repr\u00e9sentent quand m\u00eame plus de 50 % des votes, nous ne soyons pas associ\u00e9s \u00e0 ce type de d\u00e9cision&nbsp;??? Et en tant que jeunes \u00e9lues, depuis peu de temps au Conseil Municipal, nous nous demandons si on peut vraiment parler de concertation \u00e0 Bussy-Saint-Georges&nbsp;??? Cela nous inqui\u00e8te pour l\u2019avenir, notamment dans le cadre de la refonte de notre PLU (Plan Local d\u2019Urbanisme).<\/p>\n\n\n\n<p>Il est vrai qu\u2019avec la cr\u00e9ation des Comit\u00e9s de quartier, plus actifs qu\u2019autrefois, il y a un progr\u00e8s certain en termes de d\u00e9mocratie participative. Concr\u00e8tement, les comit\u00e9s de quartier ont \u00e9t\u00e9 inform\u00e9. Ils vont m\u00eame \u00eatre impliqu\u00e9s dans certains choix li\u00e9s au nouveau rev\u00eatement utilis\u00e9 pour replacer les dalles des trottoirs.<\/p>\n\n\n\n<p>La r\u00e9union publique sur ce projet de remplacement des arbres sur l\u2019Avenue du Clos Saint-Georges a permis aux diff\u00e9rentes personnes pr\u00e9sentes, y compris aux repr\u00e9sentants des Comit\u00e9s de quartier, de redire \u00e0 quel point la communication sur les actions touchant la ville est essentielle. Bien entendu, une information est pr\u00e9vue sur les panneaux d\u2019affichage et le site Internet de la ville, via les r\u00e9seaux sociaux et la newletter de la ville. Le diagnostic de l\u2019ONF sera mis \u00e0 disposition du public sur le site de la ville \u00e9galement. Mais, les personnes pr\u00e9sentes ont \u00e9galement propos\u00e9 d\u2019installer un panneau pour indiquer aux riverains, et plus g\u00e9n\u00e9ralement tous les buxangeorgiens qui empruntent cette rue, le d\u00e9roul\u00e9 du planning des travaux&nbsp;: de l\u2019automne 2021 jusqu\u2019\u00e0 la fin du printemps 2022 environ\u2026<\/p>\n\n\n\n<p>Plus g\u00e9n\u00e9ralement, la communication va devenir un axe \u00e0 part enti\u00e8re de r\u00e9flexion pour les membres des Conseils de quartier, ce qui nous parait, en tant qu\u2019\u00e9lus non majoritaires, une tr\u00e8s bonne initiative.<\/p>\n\n\n\n<h2 class=\"wp-block-heading\"><strong>Comment g\u00e9rer le capital arbres de Bussy&nbsp;? Doit-on laisser les d\u00e9cisions aux seuls \u00e9lus&nbsp;?<\/strong><\/h2>\n\n\n\n<p>Quant \u00e0 la gestion du capital \u00ab&nbsp;arbres&nbsp;\u00bb de Bussy, un nombre croissant de collectivit\u00e9s cr\u00e9e des commissions <em>ad hoc<\/em> int\u00e9grant divers services de la mairie, des \u00e9lus mais \u00e9galement des r\u00e9f\u00e9rents externes (experts, associations, habitants, etc.) pour assurer le suivi du patrimoine arbor\u00e9 de leur ville. Or, les espaces verts repr\u00e9sentent 45 % du territoire de Bussy et 11&nbsp;000 \u00e0 12&nbsp;000 arbres \u00e0 g\u00e9rer. Il y a donc ici une vraie th\u00e9matique qui se pr\u00eaterait \u00e0 une gouvernance plus ouverte qu\u2019aujourd\u2019hui.<\/p>\n\n\n\n<p><strong>Notamment, l\u2019avenue du Clos Saint-Georges n\u2019est qu\u2019un d\u00e9but. Tr\u00e8s prochainement d\u2019autres quartiers vont \u00eatre concern\u00e9s. Abattage, replantage, etc. Les d\u00e9cisions doivent se prendre de fa\u00e7on coll\u00e9giale\u2026<\/strong><\/p>\n\n\n\n<p>Il serait \u00e9galement utile d\u2019avoir un sch\u00e9ma directeur \u00e0 long terme permettant \u00e0 la population de suivre ce qui se passe et de comprendre les \u00e9volutions. Pour notre part, nous avons \u00e9t\u00e9 sensibles aux explications donn\u00e9es sur l\u2019essence des arbres choisie pour remplacer les acacias&nbsp;: une vari\u00e9t\u00e9 sp\u00e9cifique de Liquidambar (qui devient rouge en automne) et de ch\u00eane qui pousse verticalement et devrait \u00e9viter des racines et des branches trop envahissantes pour les infrastructures et les habitants limitrophes. &nbsp;&nbsp;&nbsp;<\/p>\n","protected":false},"excerpt":{"rendered":"<p>C\u2019est un peu de Bussy qui s\u2019en va avec l\u2019arrachage de 110 acacias le long de l\u2019Avenue du Clos Saint-Georges en cette fin d\u2019ann\u00e9e 2021. Ces arbres vont \u00eatre remplac\u00e9s par une autre essence d\u2019arbre moins envahissante et des buissons de rosiers sauvages, capables de fleurir tout l\u2019\u00e9t\u00e9.<\/p>\n","protected":false},"author":4,"featured_media":603,"comment_status":"open","ping_status":"open","sticky":false,"template":"","format":"standard","meta":{"footnotes":""},"categories":[2,4,5,6],"tags":[15,17,38,39,132,41],"class_list":["post-602","post","type-post","status-publish","format-standard","has-post-thumbnail","hentry","category-actus","category-cmetca","category-viequartier","category-causeslocales","tag-bussy-cest-vous","tag-bussy-saint-georges","tag-concertation","tag-conseil-municipal","tag-conseils-de-quartier","tag-developpement-durable"],"_links":{"self":[{"href":"https:\/\/reveillonsensemblebussy.fr\/index.php\/wp-json\/wp\/v2\/posts\/602","targetHints":{"allow":["GET"]}}],"collection":[{"href":"https:\/\/reveillonsensemblebussy.fr\/index.php\/wp-json\/wp\/v2\/posts"}],"about":[{"href":"https:\/\/reveillonsensemblebussy.fr\/index.php\/wp-json\/wp\/v2\/types\/post"}],"author":[{"embeddable":true,"href":"https:\/\/reveillonsensemblebussy.fr\/index.php\/wp-json\/wp\/v2\/users\/4"}],"replies":[{"embeddable":true,"href":"https:\/\/reveillonsensemblebussy.fr\/index.php\/wp-json\/wp\/v2\/comments?post=602"}],"version-history":[{"count":1,"href":"https:\/\/reveillonsensemblebussy.fr\/index.php\/wp-json\/wp\/v2\/posts\/602\/revisions"}],"predecessor-version":[{"id":1269,"href":"https:\/\/reveillonsensemblebussy.fr\/index.php\/wp-json\/wp\/v2\/posts\/602\/revisions\/1269"}],"wp:featuredmedia":[{"embeddable":true,"href":"https:\/\/reveillonsensemblebussy.fr\/index.php\/wp-json\/wp\/v2\/media\/603"}],"wp:attachment":[{"href":"https:\/\/reveillonsensemblebussy.fr\/index.php\/wp-json\/wp\/v2\/media?parent=602"}],"wp:term":[{"taxonomy":"category","embeddable":true,"href":"https:\/\/reveillonsensemblebussy.fr\/index.php\/wp-json\/wp\/v2\/categories?post=602"},{"taxonomy":"post_tag","embeddable":true,"href":"https:\/\/reveillonsensemblebussy.fr\/index.php\/wp-json\/wp\/v2\/tags?post=602"}],"curies":[{"name":"wp","href":"https:\/\/api.w.org\/{rel}","templated":true}]}}