{"id":459,"date":"2021-06-30T00:39:47","date_gmt":"2021-06-29T22:39:47","guid":{"rendered":"https:\/\/bussycestvous.fr\/?p=459"},"modified":"2025-03-01T21:36:39","modified_gmt":"2025-03-01T20:36:39","slug":"quartier-des-cent-arpents","status":"publish","type":"post","link":"https:\/\/reveillonsensemblebussy.fr\/index.php\/2021\/06\/30\/quartier-des-cent-arpents\/","title":{"rendered":"Afflux de voitures non anticip\u00e9 suite \u00e0 la future construction de l&rsquo;\u00e9changeur A4\/Sycomore ? Entretiens avec des Buxangeorgiens tr\u00e8s inquiets pour leur quartier des Cent Arpents"},"content":{"rendered":"\n<p>Belle initiative citoyenne en ce mois de juin 2021. Une vingtaine de riverains ont mobilis\u00e9 les autres habitants du quartier des Cent Arpents pour envoyer une lettre ouverte aux candidats aux \u00e9lections d\u00e9partementales. Que se passe-t-il dans ce quartier&nbsp;?<\/p>\n\n\n\n<!--more-->\n\n\n\n<p>A Bussy-Saint-Georges, il y a quelques sorties vers les autres villes. Parmi les plus emprunt\u00e9es, la sortie nord-est vers Chanteloup, la Zone commerciale du Clos du Ch\u00eane, Mont\u00e9vrain ou m\u00eame Lagny. Il s\u2019agit d\u2019une petite rue en pente, nomm\u00e9e le Boulevard du Pav\u00e9 Fontenelle ou \u00ab&nbsp;D5&nbsp;\u00bb. Or, cela fait plusieurs ann\u00e9es que les habitants du quartier se plaignent des nuisances li\u00e9es aux voitures (voir notre article sur ce sujet \u00ab&nbsp;R\u00e9ducteur de voie avec passage altern\u00e9 des v\u00e9hicules : Pour ou Contre ?&nbsp;\u00bb). Soulignons que notre sortie \u00ab&nbsp;D5&nbsp;\u00bb de Bussy, est une route \u00e9troite. &nbsp;<\/p>\n\n\n\n<p>Or dans les ann\u00e9es qui viennent, l\u2019usage de cet axe va s\u2019amplifier \u00e9norm\u00e9ment avec des cons\u00e9quences importantes. &nbsp;&nbsp;<\/p>\n\n\n\n<p>130 logements vont \u00eatre construits au niveau de la Ferme de la Jonch\u00e8re. C\u2019est autant de familles qui vont emprunter cet axe.<\/p>\n\n\n\n<p>Les riverains parlent aussi de l\u2019impact toutes les nouvelles constructions de Chanteloup et Montevrain qui empruntent \u00e9galement cet axe de fa\u00e7on croissante.<\/p>\n\n\n\n<p>Mais un autre projet pourrait bien empirer les choses. Une nouvelle sortie d\u2019autoroute avec \u00e9changeur va \u00eatre construit \u00e0 l\u2019est du quartier de la Jonch\u00e8re. Or, si aucune autre solution n\u2019est trouv\u00e9e pour r\u00e9orienter le flux de v\u00e9hicules, l\u2019\u00e9troite voie de la D5 va \u00eatre submerg\u00e9e. Les conducteurs des voitures qui viendront de l\u2019autoroute et qui voudront traverser Bussy-Saint-Georges du sud vers le nord ou les voitures qui voudront rejoindre cette entr\u00e9e d\u2019autoroute, vont s\u2019accumuler sur cette voie \u00e9troite qui est d\u00e9j\u00e0 tr\u00e8s encombr\u00e9e aux heures de pointe.<\/p>\n\n\n\n<p>Les habitants sont tr\u00e8s inquiets et on les comprend.&nbsp; &nbsp;&nbsp;<\/p>\n\n\n\n<p>&nbsp;&nbsp;&nbsp;<\/p>\n\n\n\n<figure class=\"wp-block-image size-large\"><img loading=\"lazy\" decoding=\"async\" width=\"557\" height=\"468\" src=\"https:\/\/bussycestvous.fr\/wp-content\/uploads\/2021\/06\/Le-collectif.jpg\" alt=\"\" class=\"wp-image-472\" srcset=\"https:\/\/reveillonsensemblebussy.fr\/wp-content\/uploads\/2021\/06\/Le-collectif.jpg 557w, https:\/\/reveillonsensemblebussy.fr\/wp-content\/uploads\/2021\/06\/Le-collectif-300x252.jpg 300w\" sizes=\"auto, (max-width: 557px) 100vw, 557px\" \/><figcaption>Carte cr\u00e9\u00e9e par le Collectif des riverains du boulevard du Pav\u00e9 Fontenelle <\/figcaption><\/figure>\n\n\n\n<p>&nbsp;&nbsp;<\/p>\n\n\n\n<p><strong>Quel est le probl\u00e8me exactement&nbsp;?<\/strong><\/p>\n\n\n\n<p>Les habitants mobilis\u00e9s ont eu une tr\u00e8s bonne id\u00e9e, concevoir une carte pour mieux visualiser le probl\u00e8me. La cr\u00e9ation de l\u2019\u00e9changeur s\u2019accompagne d\u2019une nouvelle route qui va rejoindre le boulevard des Cents Arpents. Or, lorsqu\u2019on viendra de l\u2019autoroute, ce boulevard s\u2019arr\u00eate au beau milieu de nulle part aujourd\u2019hui\u2026&nbsp;!! On ne peut que tourner \u00e0 gauche dans le rue du Clos Saint Georges\u2026 puis au rond-point prendre notre \u00e9troite \u00ab&nbsp;D5&nbsp;\u00bb pour sortir de Bussy.<\/p>\n\n\n\n<p>Entre les nouveaux habitants de la ferme de la Jonch\u00e8re et l\u2019afflux de v\u00e9hicules que va cr\u00e9er cette nouvelle sortie d\u2019autoroute, on peut anticiper d\u2019importants probl\u00e8mes de circulation, g\u00eanant pour les habitants du quartier des Cents Arpents, mais aussi pour tous les Buxangeorgiens qui empruntent cette sortie. Cela repr\u00e9sente aussi un danger croissant pour les pi\u00e9tons\u2026 Et il y en aura de plus en plus, avec les 130 familles qui vont s\u2019installer \u00e0 court terme un peu plus bas.<\/p>\n\n\n\n<p><strong>Il y a-t-il des solutions&nbsp;?&nbsp;<\/strong><\/p>\n\n\n\n<p>Il y en a une qui \u00e9tait \u00e9vidente\u2026 Prolonger le Boulevard des Cents Arpents jusqu\u2019\u00e0 la sortie de Bussy&nbsp;(en pointill\u00e9 sur la carte cr\u00e9\u00e9e par les habitants). C\u2019est un projet qui d\u2019ailleurs auraient \u00e9t\u00e9 valid\u00e9 dans le pass\u00e9 par EpaMarne. Oui, mais voil\u00e0, on ne sait pas pourquoi, EpaMarne n\u2019aurait pas donn\u00e9 suite&nbsp;????? C\u2019est bien dommage, car ce tron\u00e7on parait assez court et permettrait d\u2019\u00e9pargner notre \u00e9troite sortie \u00ab&nbsp;D5&nbsp;\u00bb. &nbsp;&nbsp;&nbsp;&nbsp;<\/p>\n\n\n\n<p>Ce n\u2019est pas que le \u00ab&nbsp;D5&nbsp;\u00bb qui sera sursatur\u00e9e. Le Boulevard Louis Guibert, le Boulevard du Pav\u00e9 de Fontenelle, l\u2019Avenue du Clos Saint Georges vont \u00eatre engorg\u00e9es par ce nouveau flux de circulation. Deux groupes scolaires, un coll\u00e8ge et un groupe sportif sont aussi sur le passage de ce nouveau flux de v\u00e9hicules. La carte cr\u00e9\u00e9e par les habitants montre les carrefours o\u00f9 on peut d\u00e9j\u00e0 anticiper le probl\u00e8me. &nbsp;&nbsp;&nbsp;&nbsp;&nbsp;&nbsp;<\/p>\n\n\n\n<p>En vert sur la carte, c\u2019est le trac\u00e9e id\u00e9al des voitures\u2026 Il faudrait qu\u2019elles contournent Bussy-Saint-Georges par l\u2019est. Sauf que, \u00e0 part mettre des sens interdits partout, comment emp\u00eacher les voitures d\u2019aller au plus simple\u2026c\u2019est-\u00e0-dire tout droit en plein c\u0153ur du quartier des Cents Arpents pour rejoindre notre \u00e9troite \u00ab&nbsp;D5&nbsp;\u00bb.<\/p>\n\n\n\n<p>Les habitants proposent un certain nombre de mesures&nbsp;; soit pour inciter les v\u00e9hicules \u00e0 opter pour le contournement \u00ab&nbsp;est&nbsp;\u00bb de Bussy et ne pas p\u00e9n\u00e9trer du tout dans la ville&nbsp;; soit pour ajouter d\u2019autres alternatives \u00e0 la sortie de l\u2019autoroute pour limiter le flux vers Bussy-Saint-Georges. Toutes ces propositions, on l\u2019esp\u00e8re, seront entendues lors de la consultation publique qui aura lieu en 2022 pour \u00e9tudier les impacts de la mise en place de cette sortie d\u2019autoroute avec \u00e9changeur.<\/p>\n\n\n\n<p>En parall\u00e8le, les habitants du quartier des Cent Arpents souhaiteraient aussi faire quelques am\u00e9nagements au niveau de notre \u00e9troite sortie \u00ab&nbsp;D5&nbsp;\u00bb pour le bien de tous&nbsp;: trottoir, rev\u00eatement antibruit, piste cyclable pour les nouvelles familles qui vont s\u2019installer \u00e0 la Ferme de la Jonch\u00e8re voire un mur antibruit v\u00e9g\u00e9tal et installer un radar fixe.&nbsp;<\/p>\n\n\n\n<p>Gageons que le maire soit attentif \u00e0 tout cela, au-del\u00e0 de l\u2019\u00e9tude d\u2019impacts qui va \u00eatre conduite. &nbsp;&nbsp;<\/p>\n","protected":false},"excerpt":{"rendered":"<p>Belle initiative citoyenne en ce mois de juin 2021. Une vingtaine de riverains ont mobilis\u00e9 les autres habitants du quartier des Cent Arpents pour envoyer une lettre ouverte aux candidats aux \u00e9lections d\u00e9partementales. Que se passe-t-il dans ce quartier&nbsp;?<\/p>\n","protected":false},"author":4,"featured_media":527,"comment_status":"open","ping_status":"open","sticky":false,"template":"","format":"standard","meta":{"footnotes":""},"categories":[5,6],"tags":[84,105,93],"class_list":["post-459","post","type-post","status-publish","format-standard","has-post-thumbnail","hentry","category-viequartier","category-causeslocales","tag-quartiers","tag-urbanisme","tag-sycomore"],"_links":{"self":[{"href":"https:\/\/reveillonsensemblebussy.fr\/index.php\/wp-json\/wp\/v2\/posts\/459","targetHints":{"allow":["GET"]}}],"collection":[{"href":"https:\/\/reveillonsensemblebussy.fr\/index.php\/wp-json\/wp\/v2\/posts"}],"about":[{"href":"https:\/\/reveillonsensemblebussy.fr\/index.php\/wp-json\/wp\/v2\/types\/post"}],"author":[{"embeddable":true,"href":"https:\/\/reveillonsensemblebussy.fr\/index.php\/wp-json\/wp\/v2\/users\/4"}],"replies":[{"embeddable":true,"href":"https:\/\/reveillonsensemblebussy.fr\/index.php\/wp-json\/wp\/v2\/comments?post=459"}],"version-history":[{"count":1,"href":"https:\/\/reveillonsensemblebussy.fr\/index.php\/wp-json\/wp\/v2\/posts\/459\/revisions"}],"predecessor-version":[{"id":1278,"href":"https:\/\/reveillonsensemblebussy.fr\/index.php\/wp-json\/wp\/v2\/posts\/459\/revisions\/1278"}],"wp:featuredmedia":[{"embeddable":true,"href":"https:\/\/reveillonsensemblebussy.fr\/index.php\/wp-json\/wp\/v2\/media\/527"}],"wp:attachment":[{"href":"https:\/\/reveillonsensemblebussy.fr\/index.php\/wp-json\/wp\/v2\/media?parent=459"}],"wp:term":[{"taxonomy":"category","embeddable":true,"href":"https:\/\/reveillonsensemblebussy.fr\/index.php\/wp-json\/wp\/v2\/categories?post=459"},{"taxonomy":"post_tag","embeddable":true,"href":"https:\/\/reveillonsensemblebussy.fr\/index.php\/wp-json\/wp\/v2\/tags?post=459"}],"curies":[{"name":"wp","href":"https:\/\/api.w.org\/{rel}","templated":true}]}}