{"id":1832,"date":"2026-01-25T11:08:57","date_gmt":"2026-01-25T10:08:57","guid":{"rendered":"https:\/\/reveillonsensemblebussy.fr\/?p=1832"},"modified":"2026-03-24T23:28:47","modified_gmt":"2026-03-24T22:28:47","slug":"votre-priorite-n3-une-sante-de-proximite-maintenant-et-durablement","status":"publish","type":"post","link":"https:\/\/reveillonsensemblebussy.fr\/index.php\/2026\/01\/25\/votre-priorite-n3-une-sante-de-proximite-maintenant-et-durablement\/","title":{"rendered":"Votre priorit\u00e9 n\u00b03 : une sant\u00e9 de proximit\u00e9 maintenant et durablement"},"content":{"rendered":"\n<p>Vous \u00eates nombreux \u00e0 attendre des semaines pour obtenir un rendez-vous m\u00e9dical. Trop de familles renoncent malheureusement \u00e0 se soigner.<\/p>\n\n\n\n<p>La sant\u00e9 de proximit\u00e9 est une urgence. Elle doit redevenir un service accessible, humain et efficace pour tous.<\/p>\n\n\n\n<!--more-->\n\n\n\n<figure class=\"wp-block-image size-large\"><img loading=\"lazy\" decoding=\"async\" width=\"1024\" height=\"537\" src=\"https:\/\/reveillonsensemblebussy.fr\/wp-content\/uploads\/2026\/01\/J-50-1024x537.jpeg\" alt=\"\" class=\"wp-image-1833\" srcset=\"https:\/\/reveillonsensemblebussy.fr\/wp-content\/uploads\/2026\/01\/J-50-1024x537.jpeg 1024w, https:\/\/reveillonsensemblebussy.fr\/wp-content\/uploads\/2026\/01\/J-50-300x157.jpeg 300w, https:\/\/reveillonsensemblebussy.fr\/wp-content\/uploads\/2026\/01\/J-50-768x402.jpeg 768w, https:\/\/reveillonsensemblebussy.fr\/wp-content\/uploads\/2026\/01\/J-50.jpeg 1080w\" sizes=\"auto, (max-width: 767px) 89vw, (max-width: 1000px) 54vw, (max-width: 1071px) 543px, 580px\" \/><\/figure>\n\n\n\n<p><strong>\u00ab\u00a0Des m\u00e9decins, au lieu de gamers !\u00a0\u00bb<\/strong><br>Plut\u00f4t que de laisser des locaux municipaux gratuits \u00e0 une \u00e9quipe d\u2019e-sport, nous y cr\u00e9erons un Centre Municipal de Sant\u00e9, d\u00e9di\u00e9 \u00e0 l\u2019accueil de m\u00e9decins g\u00e9n\u00e9ralistes, notamment de jeunes praticiens.<\/p>\n\n\n\n<p>Les futurs p\u00f4les m\u00e9dicaux annonc\u00e9s ne r\u00e9pondront pas \u00e0 l\u2019urgence actuelle : le manque criant de g\u00e9n\u00e9ralistes et de certains sp\u00e9cialistes. Il faut une solution imm\u00e9diate et op\u00e9rationnelle et elle existe c\u2019est une question de volont\u00e9.<\/p>\n\n\n\n<p><strong>Attirer et garder des m\u00e9decins \u00e0 Bussy<\/strong><br>Parce que les m\u00e9decins ne s\u2019installent pas uniquement pour un b\u00e2timent, nous mettrons en place une politique globale d\u2019attractivit\u00e9 m\u00e9dicale en tenant compte des aspects budg\u00e9taires et en int\u00e9grant des solutions \u00e9conomiques \u00ab gagnants \/gagnants \u00bb :<br># <strong>Inciter<\/strong> les m\u00e9decins et notamment de <strong>jeunes m\u00e9decins<\/strong>\u00a0d\u00e8s la fin de leurs \u00e9tudes, \u00e0 la sortie de la facult\u00e9 \u00e0 venir s\u2019installer \u00e0 Bussy-Saint-Georges.<br># Exon\u00e9ration partielle ou totale du <strong>loyer<\/strong> des <strong>locaux m\u00e9dicaux<\/strong> sur 6 \u00e0 12 mois.<br># Aide \u00e0 la recherche de <strong>logement<\/strong> pour les m\u00e9decins et leurs familles<br># Facilitation de l\u2019acc\u00e8s aux <strong>cr\u00e8ches<\/strong> et modes de garde<br># <strong>Accompagnement<\/strong> \u00e0 la recherche d\u2019emploi du ou de la conjoint\u00b7e, en lien avec les entreprises locales.<br># Conditions d\u2019exercice modernes :<br>\u2022\u2060 \u2060travail en <strong>\u00e9quipe<\/strong>,<br>\u2022\u2060 \u2060<strong>exercice coordonn\u00e9<\/strong>,<br>\u2022\u2060 \u2060moins d\u2019<strong>administratif<\/strong>,<br>\u2022\u2060 \u2060meilleur <strong>\u00e9quilibre<\/strong> vie professionnelle\u00a0\/ vie personnelle\u00a0<br>Attirer des m\u00e9decins, c\u2019est les <strong>accompagner<\/strong> dans leur vie du quotidien<\/p>\n\n\n\n<p><strong>R\u00e9pondre aux urgences du quotidien<\/strong> avec un p\u00f4le \u201cSOS M\u00e9decins\u00a0\u00bb \/ soins non programm\u00e9s.<br>Quand aucun g\u00e9n\u00e9raliste ne peut vous recevoir sous 3 jours, il faut une solution locale. Nous favoriserons l\u2019implantation d\u2019un p\u00f4le de soins d\u2019urgence du quotidien, accessible facilement, pour \u00e9viter les renoncements aux soins et les urgences satur\u00e9es.<\/p>\n\n\n\n<p><strong>Mieux se soigner, sans renoncer<\/strong><br>Une mutuelle communale vraiment avantageuse et ouverte \u00e0 tous<br>Nous ren\u00e9gocierons les contrats pour proposer une mutuelle communale plus protectrice et plus abordable, afin que personne ne renonce \u00e0 se soigner pour des raisons financi\u00e8res.<\/p>\n\n\n\n<p><strong>Maintien \u00e0 domicile renforc\u00e9<\/strong><br>En lien avec les professionnels de sant\u00e9 (infirmiers, aides-soignants, kin\u00e9s\u2026) et les CPTS, nous structurerons un service coordonn\u00e9 de soins \u00e0 domicile, pour permettre aux seniors et aux personnes fragilis\u00e9es de rester chez eux dans de bonnes conditions.<\/p>\n\n\n\n<p><strong>Pr\u00e9venir plut\u00f4t que gu\u00e9rir<\/strong><br>Le sport comme politique de sant\u00e9 publique<br>Nous d\u00e9velopperons plus d\u2019\u00e9quipements et parcours de sant\u00e9, nous soutiendrons les associations et cr\u00e9erons une commission sport\/sant\u00e9 associant \u00e9lus et citoyens, afin de promouvoir l\u2019activit\u00e9 physique pour tous, \u00e0 tout \u00e2ge.<\/p>\n\n\n\n<p><strong>Plan \u201cAir pur\u201d<\/strong><br>Installation de capteurs de qualit\u00e9 de l\u2019air,\u00a0notamment pr\u00e8s des \u00e9coles et des grands axes, pour mesurer, informer et agir concr\u00e8tement sur la sant\u00e9 environnementale.<\/p>\n\n\n\n<p><strong>Biodiversit\u00e9 = sant\u00e9<\/strong><br>Renaturation des sols, \u00eelots de fra\u00eecheur, arbres, agriculture urbaine, plus de nature, c\u2019est plus de sant\u00e9 et une meilleure qualit\u00e9 de vie.<\/p>\n\n\n\n<p><strong>Prot\u00e9ger la sant\u00e9 de nos enfants<\/strong><br>Z\u00e9ro plastique dans les \u00e9coles et cr\u00e8ches, cantine plus saine (produits locaux, moins transform\u00e9s, bio quand c\u2019est pertinent) : nous irons au-del\u00e0 de la loi pour pr\u00e9server la sant\u00e9 des plus jeunes.<\/p>\n\n\n\n<p><strong>Une ville pr\u00eate \u00e0 sauver des vies<\/strong><br>Plus de d\u00e9fibrillateurs, plus de formation<br>Nous \u00e9quiperons davantage de lieux publics et sportifs, renforcerons leur visibilit\u00e9, leur maintenance et surtout la formation aux gestes qui sauvent, bien au-del\u00e0 des obligations l\u00e9gales.<\/p>\n\n\n\n<p><strong>Une r\u00e9serve citoyenne communale et par quartier<\/strong><br>Encadr\u00e9e par la mairie et un r\u00e9f\u00e9rent citoyen, elle mobilisera des volontaires lors des canicules, crises sanitaires ou situations exceptionnelles, pour soutenir les personnes vuln\u00e9rables et renforcer la solidarit\u00e9 locale.<\/p>\n\n\n\n<p><strong>La sant\u00e9 n\u2019attend pas,\u00a0Bussy Saint-Georges m\u00e9rite mieux.<\/strong><\/p>\n\n\n\n<p>Avec R\u00e9veillons Ensemble Bussy, nous faisons le choix de solutions <strong>concr\u00e8tes<\/strong>, <strong>locales<\/strong> et imm\u00e9diatement <strong>utiles<\/strong>, pour une ville plus <strong>humaine<\/strong>, plus <strong>solidaire<\/strong> et mieux <strong>pr\u00e9par\u00e9e<\/strong>.<\/p>\n\n\n\n<p>Vous l\u2019aurez compris, notre engagement c\u2019est votre<br>sant\u00e9\u00a0pour am\u00e9liorer\u00a0votre\u00a0cadre de vie pour\u00a0un <strong>BUSSY AUTREMENT<\/strong>.<\/p>\n","protected":false},"excerpt":{"rendered":"<p>Vous \u00eates nombreux \u00e0 attendre des semaines pour obtenir un rendez-vous m\u00e9dical. Trop de familles renoncent malheureusement \u00e0 se soigner. La sant\u00e9 de proximit\u00e9 est une urgence. Elle doit redevenir un service accessible, humain et efficace pour tous.<\/p>\n","protected":false},"author":2,"featured_media":1833,"comment_status":"open","ping_status":"open","sticky":false,"template":"","format":"standard","meta":{"footnotes":""},"categories":[2,125],"tags":[157,159],"class_list":["post-1832","post","type-post","status-publish","format-standard","has-post-thumbnail","hentry","category-actus","category-projet-de-gouvernance","tag-programme","tag-sante"],"_links":{"self":[{"href":"https:\/\/reveillonsensemblebussy.fr\/index.php\/wp-json\/wp\/v2\/posts\/1832","targetHints":{"allow":["GET"]}}],"collection":[{"href":"https:\/\/reveillonsensemblebussy.fr\/index.php\/wp-json\/wp\/v2\/posts"}],"about":[{"href":"https:\/\/reveillonsensemblebussy.fr\/index.php\/wp-json\/wp\/v2\/types\/post"}],"author":[{"embeddable":true,"href":"https:\/\/reveillonsensemblebussy.fr\/index.php\/wp-json\/wp\/v2\/users\/2"}],"replies":[{"embeddable":true,"href":"https:\/\/reveillonsensemblebussy.fr\/index.php\/wp-json\/wp\/v2\/comments?post=1832"}],"version-history":[{"count":4,"href":"https:\/\/reveillonsensemblebussy.fr\/index.php\/wp-json\/wp\/v2\/posts\/1832\/revisions"}],"predecessor-version":[{"id":1972,"href":"https:\/\/reveillonsensemblebussy.fr\/index.php\/wp-json\/wp\/v2\/posts\/1832\/revisions\/1972"}],"wp:featuredmedia":[{"embeddable":true,"href":"https:\/\/reveillonsensemblebussy.fr\/index.php\/wp-json\/wp\/v2\/media\/1833"}],"wp:attachment":[{"href":"https:\/\/reveillonsensemblebussy.fr\/index.php\/wp-json\/wp\/v2\/media?parent=1832"}],"wp:term":[{"taxonomy":"category","embeddable":true,"href":"https:\/\/reveillonsensemblebussy.fr\/index.php\/wp-json\/wp\/v2\/categories?post=1832"},{"taxonomy":"post_tag","embeddable":true,"href":"https:\/\/reveillonsensemblebussy.fr\/index.php\/wp-json\/wp\/v2\/tags?post=1832"}],"curies":[{"name":"wp","href":"https:\/\/api.w.org\/{rel}","templated":true}]}}