{"id":1785,"date":"2026-01-15T19:23:53","date_gmt":"2026-01-15T18:23:53","guid":{"rendered":"https:\/\/reveillonsensemblebussy.fr\/?p=1785"},"modified":"2026-03-24T23:29:25","modified_gmt":"2026-03-24T22:29:25","slug":"la-securite-la-priorite-n1-des-habitants-de-bussy","status":"publish","type":"post","link":"https:\/\/reveillonsensemblebussy.fr\/index.php\/2026\/01\/15\/la-securite-la-priorite-n1-des-habitants-de-bussy\/","title":{"rendered":"La s\u00e9curit\u00e9 &#8211; la priorit\u00e9 n\u00b01 des habitants de Bussy"},"content":{"rendered":"\n<p>Parce que la tranquillit\u00e9 du quotidien n\u2019est pas n\u00e9gociable, d\u00e9couvrez l\u2019une de nos mesures fortes pour <strong>une s\u00e9curit\u00e9 plus efficace, plus proche et plus humaine<\/strong>.<\/p>\n\n\n\n<!--more-->\n\n\n\n<figure class=\"wp-block-image size-large\"><img loading=\"lazy\" decoding=\"async\" width=\"1024\" height=\"537\" src=\"https:\/\/reveillonsensemblebussy.fr\/wp-content\/uploads\/2026\/01\/J-60-1-1024x537.jpeg\" alt=\"\" class=\"wp-image-1811\" srcset=\"https:\/\/reveillonsensemblebussy.fr\/wp-content\/uploads\/2026\/01\/J-60-1-1024x537.jpeg 1024w, https:\/\/reveillonsensemblebussy.fr\/wp-content\/uploads\/2026\/01\/J-60-1-300x157.jpeg 300w, https:\/\/reveillonsensemblebussy.fr\/wp-content\/uploads\/2026\/01\/J-60-1-768x402.jpeg 768w, https:\/\/reveillonsensemblebussy.fr\/wp-content\/uploads\/2026\/01\/J-60-1.jpeg 1080w\" sizes=\"auto, (max-width: 767px) 89vw, (max-width: 1000px) 54vw, (max-width: 1071px) 543px, 580px\" \/><\/figure>\n\n\n\n<p>Cr\u00e9er une <strong>Antenne<\/strong> d\u00e9di\u00e9e aux <strong>victimes des agressions intra-familiales<\/strong> et un espace de dialogue pr\u00e9ventif aupr\u00e8s de la jeunesse.<br><br>Vous l\u2019aurez compris, notre engagement c\u2019est votre <strong>s\u00e9curit\u00e9<\/strong> pour mieux <strong>Vivre Ensemble<\/strong> pour un <strong>Bussy Autrement.<\/strong><\/p>\n\n\n\n<p>Cr\u00e9ation d\u2019une <strong>Commission s\u00e9curit\u00e9 mixte<\/strong> (\u00e9lus + citoyens)<br>Les habitants seront directement associ\u00e9s aux d\u00e9cisions en mati\u00e8re de s\u00e9curit\u00e9. Ensemble, nous d\u00e9finirons les priorit\u00e9s concr\u00e8tes quartier par quartier.<\/p>\n\n\n\n<p><strong>Doublement des cam\u00e9ras<\/strong> de vid\u00e9osurveillance en 5 ans.<br>Bailly-Romainvilliers, quatre fois plus petite que Bussy-Saint-Georges, compte d\u00e9j\u00e0 42 cam\u00e9ras\u2026 Bussy seulement 55. Rattraper ce retard pour <strong>une couverture efficace et dissuasive<\/strong>.<\/p>\n\n\n\n<p>R\u00e9organiser notre <strong>Police municipale<\/strong>.<br>\u00catre plus visible et pr\u00e9sente sur le terrain, mieux \u00e9quip\u00e9e et mieux coordonn\u00e9e quartier par quartier. Une pr\u00e9sence utile, r\u00e9active et rassurante pour tous.<\/p>\n\n\n\n<p>Installer des <strong>cam\u00e9ras nomades<\/strong> associ\u00e9es \u00e0 l\u2019<strong>intelligence artificielle<\/strong>.<br>Des outils modernes et r\u00e9glementaires pour s\u00e9curiser rapidement les zones sensibles. Une technologie au service de la pr\u00e9vention et de l\u2019intervention cibl\u00e9e.<\/p>\n\n\n\n<p>Cr\u00e9er une <strong>antenne<\/strong> de notre <strong>police municipale<\/strong> au <strong>Sycomore<\/strong>.<br>Un poste de proximit\u00e9 pour r\u00e9duire les d\u00e9lais d\u2019intervention. La s\u00e9curit\u00e9 doit \u00eatre pr\u00e9sente l\u00e0 o\u00f9 les habitants vivent.<\/p>\n\n\n\n<p>D\u00e9velopper une <strong>brigade sp\u00e9ciale \u201cincivilit\u00e9s\u201d<\/strong> tol\u00e9rance z\u00e9ro.<br>D\u00e9p\u00f4ts sauvages, d\u00e9gradations, nuisances, \u00e7a suffit. Des sanctions claires pour r\u00e9tablir le respect de l\u2019espace public.<\/p>\n\n\n\n<p>Installer un Barnum mobile <strong>\u201cCaf\u00e9-Dialogue\u201d avec nos policiers<\/strong>.<br>Renforcer les \u00e9changes et la proximit\u00e9 dans chaque quartier entre les habitants et nos agents. Une police connue, accessible et \u00e0 l\u2019\u00e9coute des habitants.<\/p>\n\n\n\n<p>Cr\u00e9er une <strong>Antenne<\/strong> d\u00e9di\u00e9e aux <strong>victimes des agressions intra-familiales<\/strong> et un espace de dialogue pr\u00e9ventif aupr\u00e8s de la jeunesse.<\/p>\n\n\n\n<p>Vous l\u2019aurez compris, notre engagement c\u2019est votre <strong>s\u00e9curit\u00e9<\/strong> pour mieux <strong>Vivre Ensemble<\/strong> pour un <strong>Bussy Autrement.<\/strong><\/p>\n","protected":false},"excerpt":{"rendered":"<p>Parce que la tranquillit\u00e9 du quotidien n\u2019est pas n\u00e9gociable, d\u00e9couvrez l\u2019une de nos mesures fortes pour une s\u00e9curit\u00e9 plus efficace, plus proche et plus humaine.<\/p>\n","protected":false},"author":2,"featured_media":1811,"comment_status":"open","ping_status":"open","sticky":false,"template":"","format":"standard","meta":{"footnotes":""},"categories":[2,125],"tags":[157,87],"class_list":["post-1785","post","type-post","status-publish","format-standard","has-post-thumbnail","hentry","category-actus","category-projet-de-gouvernance","tag-programme","tag-securite"],"_links":{"self":[{"href":"https:\/\/reveillonsensemblebussy.fr\/index.php\/wp-json\/wp\/v2\/posts\/1785","targetHints":{"allow":["GET"]}}],"collection":[{"href":"https:\/\/reveillonsensemblebussy.fr\/index.php\/wp-json\/wp\/v2\/posts"}],"about":[{"href":"https:\/\/reveillonsensemblebussy.fr\/index.php\/wp-json\/wp\/v2\/types\/post"}],"author":[{"embeddable":true,"href":"https:\/\/reveillonsensemblebussy.fr\/index.php\/wp-json\/wp\/v2\/users\/2"}],"replies":[{"embeddable":true,"href":"https:\/\/reveillonsensemblebussy.fr\/index.php\/wp-json\/wp\/v2\/comments?post=1785"}],"version-history":[{"count":3,"href":"https:\/\/reveillonsensemblebussy.fr\/index.php\/wp-json\/wp\/v2\/posts\/1785\/revisions"}],"predecessor-version":[{"id":1844,"href":"https:\/\/reveillonsensemblebussy.fr\/index.php\/wp-json\/wp\/v2\/posts\/1785\/revisions\/1844"}],"wp:featuredmedia":[{"embeddable":true,"href":"https:\/\/reveillonsensemblebussy.fr\/index.php\/wp-json\/wp\/v2\/media\/1811"}],"wp:attachment":[{"href":"https:\/\/reveillonsensemblebussy.fr\/index.php\/wp-json\/wp\/v2\/media?parent=1785"}],"wp:term":[{"taxonomy":"category","embeddable":true,"href":"https:\/\/reveillonsensemblebussy.fr\/index.php\/wp-json\/wp\/v2\/categories?post=1785"},{"taxonomy":"post_tag","embeddable":true,"href":"https:\/\/reveillonsensemblebussy.fr\/index.php\/wp-json\/wp\/v2\/tags?post=1785"}],"curies":[{"name":"wp","href":"https:\/\/api.w.org\/{rel}","templated":true}]}}