{"id":1689,"date":"2026-01-28T08:17:54","date_gmt":"2026-01-28T07:17:54","guid":{"rendered":"https:\/\/reveillonsensemblebussy.fr\/?p=1689"},"modified":"2026-02-05T22:07:26","modified_gmt":"2026-02-05T21:07:26","slug":"une-carte-scolaire-completement-destabilisee-a-bussy-saint-georges","status":"publish","type":"post","link":"https:\/\/reveillonsensemblebussy.fr\/index.php\/2026\/01\/28\/une-carte-scolaire-completement-destabilisee-a-bussy-saint-georges\/","title":{"rendered":"Une carte scolaire compl\u00e8tement d\u00e9stabilis\u00e9e \u00e0 Bussy-Saint-Georges : \u00a0est-ce que cacher les v\u00e9rit\u00e9s qui d\u00e9rangent est acceptable avant une \u00e9lection\u00a0?"},"content":{"rendered":"\n<figure class=\"wp-block-image size-full\"><img loading=\"lazy\" decoding=\"async\" width=\"736\" height=\"530\" src=\"https:\/\/reveillonsensemblebussy.fr\/wp-content\/uploads\/2025\/12\/Image1.png\" alt=\"\" class=\"wp-image-1691\" srcset=\"https:\/\/reveillonsensemblebussy.fr\/wp-content\/uploads\/2025\/12\/Image1.png 736w, https:\/\/reveillonsensemblebussy.fr\/wp-content\/uploads\/2025\/12\/Image1-300x216.png 300w\" sizes=\"auto, (max-width: 736px) 100vw, 736px\" \/><figcaption class=\"wp-element-caption\">Document du Conseil Municipal de Bussy-Saint-Georges du 11 d\u00e9cembre 2025 &#8211; Commission de sectorisation primaire modification des p\u00e9rim\u00e8tres scolaires &#8211; &nbsp;20 novembre 2025<\/figcaption><\/figure>\n\n\n\n<p>Voici la nouvelle r\u00e9organisation de la sectorisation pr\u00e9sent\u00e9e par la majorit\u00e9 municipale lors du Conseil municipal du 11 d\u00e9cembre 2025. Les zones \u00e0 points sont d\u00e9plac\u00e9es vers d&rsquo;autres \u00e9coles. Encore une carte scolaire modifi\u00e9e et des parents exasp\u00e9r\u00e9s. Pourquoi recommencer, une fois de plus, ce d\u00e9coupage ? Le maire ne s\u2019en cache pas. Il nous a expliqu\u00e9 que sans ce red\u00e9coupage, les anciens groupes scolaires de Bussy-Saint-Georges auraient d\u00fb fermer encore davantage de classes. Cela ressemble \u00e0 un exercice de survie statistique\u00a0!!<\/p>\n\n\n\n<!--more-->\n\n\n\n<p>Cela fait 3 ans d\u00e9j\u00e0 que nous tentons d\u2019attirer l\u2019attention du maire sur la fermeture des classes dans les anciens groupes scolaires et sur l\u2019ouverture trop pr\u00e9coce des nouveaux groupes scolaires&nbsp;!! Trois ans sans correction de trajectoire\u2026 R\u00e9sultat&nbsp;en image&nbsp;: on d\u00e9place les \u00e9l\u00e8ves sur la carte pour \u00e9viter de voir appara\u00eetre, trop clairement, les cons\u00e9quences des mauvais choix strat\u00e9giques. Bien \u00e9videmment, le maire nous a expliqu\u00e9 \u00e0 quel point c\u2019\u00e9tait vital de construire les nouveaux groupes scolaires pour accueillir les nouvelles familles dignement et notamment celui de l\u2019entr\u00e9e de ville appel\u00e9 Arnaud Beltrame. Malheureusement le taux de remplissage de Simone Veil (50 %) et d\u2019Arnaud Beltrame (28 %) et les bricolages faits dans la sectorisation scolaire de Bussy lui donnent tort : le nombre de familles et d&rsquo;enfants impact\u00e9s par la nouvelle carte scolaire est beaucoup plus important que si on n&rsquo;avait pas construit ce dernier groupe scolaire. Preuve \u00e0 l&rsquo;appui&#8230;<\/p>\n\n\n\n<h2 class=\"wp-block-heading\"><strong>La sectorisation scolaire pr\u00e9vue il y a un an<\/strong> <strong>! Le calme avant la temp\u00eate<\/strong><\/h2>\n\n\n\n<p>Voici pour comparaison, la sectorisation scolaire propos\u00e9e il y a 1 an. On voit l&rsquo;incidence de l&rsquo;arriv\u00e9e du dernier groupe scolaire en entr\u00e9e de ville. Ce qui est \u00e9trange, c&rsquo;est qu&rsquo;il y a un an, on connaissait tous les chiffres !! <\/p>\n\n\n\n<figure class=\"wp-block-image size-large\"><img loading=\"lazy\" decoding=\"async\" width=\"1024\" height=\"645\" src=\"https:\/\/reveillonsensemblebussy.fr\/wp-content\/uploads\/2025\/12\/Image-2024-1024x645.png\" alt=\"\" class=\"wp-image-1692\" srcset=\"https:\/\/reveillonsensemblebussy.fr\/wp-content\/uploads\/2025\/12\/Image-2024-1024x645.png 1024w, https:\/\/reveillonsensemblebussy.fr\/wp-content\/uploads\/2025\/12\/Image-2024-300x189.png 300w, https:\/\/reveillonsensemblebussy.fr\/wp-content\/uploads\/2025\/12\/Image-2024-768x484.png 768w, https:\/\/reveillonsensemblebussy.fr\/wp-content\/uploads\/2025\/12\/Image-2024.png 1330w\" sizes=\"auto, (max-width: 767px) 89vw, (max-width: 1000px) 54vw, (max-width: 1071px) 543px, 580px\" \/><figcaption class=\"wp-element-caption\">Ville de Bussy-Saint-Georges &#8211; Commission de sectorisation primaire modification des p\u00e9rim\u00e8tres scolaires &#8211; 21 novembre 2024<\/figcaption><\/figure>\n\n\n\n<p>Quelques mois apr\u00e8s cette sectorisation, nous sortions un article sur notre site pour exprimer notre \u00e9tonnement.  <\/p>\n\n\n\n<figure class=\"wp-block-embed is-type-wp-embed is-provider-r-veillons-ensemble-bussy wp-block-embed-r-veillons-ensemble-bussy\"><div class=\"wp-block-embed__wrapper\">\n<blockquote class=\"wp-embedded-content\" data-secret=\"e6ortvkEMZ\"><a href=\"https:\/\/reveillonsensemblebussy.fr\/index.php\/2025\/03\/16\/un-pilotage-scolaire-a-la-derive-bussy-saint-georges\/\">Un pilotage scolaire \u00e0 la d\u00e9rive : Bussy-Saint-Georges s\u2019enlise dans la surcapacit\u00e9, au d\u00e9triment des habitants et des autres investissements dans la qualit\u00e9 de vie !<\/a><\/blockquote><iframe loading=\"lazy\" class=\"wp-embedded-content\" sandbox=\"allow-scripts\" security=\"restricted\" style=\"position: absolute; visibility: hidden;\" title=\"\u00ab\u00a0Un pilotage scolaire \u00e0 la d\u00e9rive : Bussy-Saint-Georges s\u2019enlise dans la surcapacit\u00e9, au d\u00e9triment des habitants et des autres investissements dans la qualit\u00e9 de vie !\u00a0\u00bb &#8212; R\u00e9veillons Ensemble Bussy\" src=\"https:\/\/reveillonsensemblebussy.fr\/index.php\/2025\/03\/16\/un-pilotage-scolaire-a-la-derive-bussy-saint-georges\/embed\/#?secret=txHmBxbKzp#?secret=e6ortvkEMZ\" data-secret=\"e6ortvkEMZ\" width=\"525\" height=\"296\" frameborder=\"0\" marginwidth=\"0\" marginheight=\"0\" scrolling=\"no\"><\/iframe>\n<\/div><\/figure>\n\n\n\n<h2 class=\"wp-block-heading\"><strong>Depuis 2023, 16 classes ouvertes dans les nouveaux groupes scolaires sur un potentiel de 40 classes <\/strong><\/h2>\n\n\n\n<p>Depuis 2020, la ville a construit 3 nouveaux groupes scolaires financ\u00e9s \u00e0 50 % par la ville.  <\/p>\n\n\n\n<ul class=\"wp-block-list\">\n<li>Jacques Chirac a \u00e9t\u00e9 ouvert en septembre 2020. Son potentiel est de 16 classes. Il est complet aujourd&rsquo;hui. <\/li>\n\n\n\n<li>Puis Simone Veille a ouvert ses portes en septembre 2023 avec un potentiel de 22 classes. Pour l&rsquo;ann\u00e9e 2025-2026. Aujourd&rsquo;hui, trois ans apr\u00e8s, seules 11 classes ont ouvert soit un taux de remplissage \u00e0 50 %. <\/li>\n\n\n\n<li>Puis Arnaud Beltrame a ouvert ses portes en septembre 2025 avec un potentiel de 18 classes. Aujourd&rsquo;hui, seules 5 classes ont ouvert soit un taux de remplissage de 28 %.  <\/li>\n\n\n\n<li>Il y a donc 16 classes qui ont \u00e9t\u00e9 cr\u00e9\u00e9es depuis 2023 dans les deux derniers nouveaux groupes scolaires sur une capacit\u00e9 potentielle totale de 40 classes. <\/li>\n<\/ul>\n\n\n\n<h2 class=\"wp-block-heading\"><strong>Bilan du nombre de classes supprim\u00e9es dans les anciens groupes scolaires depuis 2021 : l&rsquo;\u00e9quivalent de 16 classes<\/strong> !<\/h2>\n\n\n\n<p>Voici le dernier recensement du nombre de classes et d&rsquo;\u00e9l\u00e8ves par groupe scolaire.  <\/p>\n\n\n\n<figure class=\"wp-block-image size-full\"><img loading=\"lazy\" decoding=\"async\" width=\"938\" height=\"329\" src=\"https:\/\/reveillonsensemblebussy.fr\/wp-content\/uploads\/2025\/12\/image.png\" alt=\"\" class=\"wp-image-1693\" srcset=\"https:\/\/reveillonsensemblebussy.fr\/wp-content\/uploads\/2025\/12\/image.png 938w, https:\/\/reveillonsensemblebussy.fr\/wp-content\/uploads\/2025\/12\/image-300x105.png 300w, https:\/\/reveillonsensemblebussy.fr\/wp-content\/uploads\/2025\/12\/image-768x269.png 768w\" sizes=\"auto, (max-width: 767px) 89vw, (max-width: 1000px) 54vw, (max-width: 1071px) 543px, 580px\" \/><figcaption class=\"wp-element-caption\">Document du Conseil Municipal de Bussy-Saint-Georges du 11 d\u00e9cembre 2025 &#8211; Commission de sectorisation primaire modification des p\u00e9rim\u00e8tres scolaires &#8211; &nbsp;20 novembre 2025<\/figcaption><\/figure>\n\n\n\n<p>Ce d\u00e9compte actualis\u00e9 nous a permis de remettre \u00e0 jour la diminution de nombre d&rsquo;\u00e9l\u00e8ves en 5 ans dans chaque groupe scolaire de Bussy. <\/p>\n\n\n\n<figure class=\"wp-block-image size-full\"><img loading=\"lazy\" decoding=\"async\" width=\"912\" height=\"697\" src=\"https:\/\/reveillonsensemblebussy.fr\/wp-content\/uploads\/2025\/12\/Tableau-1.png\" alt=\"\" class=\"wp-image-1695\" srcset=\"https:\/\/reveillonsensemblebussy.fr\/wp-content\/uploads\/2025\/12\/Tableau-1.png 912w, https:\/\/reveillonsensemblebussy.fr\/wp-content\/uploads\/2025\/12\/Tableau-1-300x229.png 300w, https:\/\/reveillonsensemblebussy.fr\/wp-content\/uploads\/2025\/12\/Tableau-1-768x587.png 768w\" sizes=\"auto, (max-width: 767px) 89vw, (max-width: 1000px) 54vw, (max-width: 1071px) 543px, 580px\" \/><\/figure>\n\n\n\n<p>Il y a donc 16 classes de 24 \u00e9l\u00e8ves qui ont \u00e9t\u00e9 supprim\u00e9es des anciens groupes scolaires en 5 ans.<\/p>\n\n\n\n<h2 class=\"wp-block-heading\"><strong>16 classes ouvertes dans les nouveaux groupes scolaires = 16 classes supprim\u00e9es dans les anciens groupes scolaires <\/strong><\/h2>\n\n\n\n<p>Comme d&rsquo;habitude, le maire nous a expliqu\u00e9 \u00e0 quel point nous \u00e9tions de mauvais citoyens en pensant que les nouveaux groupes scolaires n&rsquo;auraient pas du ouvrir aussi t\u00f4t. Comme d&rsquo;habitude, il nous a dit que nous n&rsquo;avions rien compris !! Heureusement, il y a aujourd&rsquo;hui suffisamment de preuves concr\u00e8tes pour montrer que certaines d\u00e9cisions publiques sont absurdes parfois !! <\/p>\n\n\n\n<p>Nous maintenons que si le groupe scolaire Arnaud Beltrame avait \u00e9t\u00e9 diff\u00e9r\u00e9 de quelques ann\u00e9es, les ratios financiers de la ville ne se seraient pas effondr\u00e9s et moins de familles seraient contraintes de rallonger leurs trajets quotidiens pour emmener leurs enfants \u00e0 l\u2019\u00e9cole. Lire ci-dessous notre article pour les d\u00e9tails financiers. <\/p>\n\n\n\n<figure class=\"wp-block-embed is-type-wp-embed is-provider-r-veillons-ensemble-bussy wp-block-embed-r-veillons-ensemble-bussy\"><div class=\"wp-block-embed__wrapper\">\n<blockquote class=\"wp-embedded-content\" data-secret=\"1Vb5oS7SEh\"><a href=\"https:\/\/reveillonsensemblebussy.fr\/index.php\/2025\/08\/27\/le-groupe-scolaire-en-trop\/\">Arnaud Beltrame \u00e0 Bussy-Saint-Georges : le groupe scolaire en trop qui alourdit les dettes de la ville de plus de 11 millions d&rsquo;euros<\/a><\/blockquote><iframe loading=\"lazy\" class=\"wp-embedded-content\" sandbox=\"allow-scripts\" security=\"restricted\" style=\"position: absolute; visibility: hidden;\" title=\"\u00ab\u00a0Arnaud Beltrame \u00e0 Bussy-Saint-Georges : le groupe scolaire en trop qui alourdit les dettes de la ville de plus de 11 millions d&rsquo;euros\u00a0\u00bb &#8212; R\u00e9veillons Ensemble Bussy\" src=\"https:\/\/reveillonsensemblebussy.fr\/index.php\/2025\/08\/27\/le-groupe-scolaire-en-trop\/embed\/#?secret=y1QBviKf3G#?secret=1Vb5oS7SEh\" data-secret=\"1Vb5oS7SEh\" width=\"525\" height=\"296\" frameborder=\"0\" marginwidth=\"0\" marginheight=\"0\" scrolling=\"no\"><\/iframe>\n<\/div><\/figure>\n","protected":false},"excerpt":{"rendered":"<p>Voici la nouvelle r\u00e9organisation de la sectorisation pr\u00e9sent\u00e9e par la majorit\u00e9 municipale lors du Conseil municipal du 11 d\u00e9cembre 2025. Les zones \u00e0 points sont d\u00e9plac\u00e9es vers d&rsquo;autres \u00e9coles. Encore une carte scolaire modifi\u00e9e et des parents exasp\u00e9r\u00e9s. Pourquoi recommencer, une fois de plus, ce d\u00e9coupage ? Le maire ne s\u2019en cache pas. Il nous &hellip; <\/p>\n<p class=\"link-more\"><a href=\"https:\/\/reveillonsensemblebussy.fr\/index.php\/2026\/01\/28\/une-carte-scolaire-completement-destabilisee-a-bussy-saint-georges\/\" class=\"more-link\">Continuer la lecture<span class=\"screen-reader-text\"> de &laquo;&nbsp;Une carte scolaire compl\u00e8tement d\u00e9stabilis\u00e9e \u00e0 Bussy-Saint-Georges : \u00a0est-ce que cacher les v\u00e9rit\u00e9s qui d\u00e9rangent est acceptable avant une \u00e9lection\u00a0?&nbsp;&raquo;<\/span><\/a><\/p>\n","protected":false},"author":4,"featured_media":1696,"comment_status":"open","ping_status":"open","sticky":false,"template":"","format":"standard","meta":{"footnotes":""},"categories":[2,3,5,6],"tags":[39,124,61],"class_list":["post-1689","post","type-post","status-publish","format-standard","has-post-thumbnail","hentry","category-actus","category-chiffrescles","category-viequartier","category-causeslocales","tag-conseil-municipal","tag-elections-municipales","tag-groupe-scolaire"],"_links":{"self":[{"href":"https:\/\/reveillonsensemblebussy.fr\/index.php\/wp-json\/wp\/v2\/posts\/1689","targetHints":{"allow":["GET"]}}],"collection":[{"href":"https:\/\/reveillonsensemblebussy.fr\/index.php\/wp-json\/wp\/v2\/posts"}],"about":[{"href":"https:\/\/reveillonsensemblebussy.fr\/index.php\/wp-json\/wp\/v2\/types\/post"}],"author":[{"embeddable":true,"href":"https:\/\/reveillonsensemblebussy.fr\/index.php\/wp-json\/wp\/v2\/users\/4"}],"replies":[{"embeddable":true,"href":"https:\/\/reveillonsensemblebussy.fr\/index.php\/wp-json\/wp\/v2\/comments?post=1689"}],"version-history":[{"count":5,"href":"https:\/\/reveillonsensemblebussy.fr\/index.php\/wp-json\/wp\/v2\/posts\/1689\/revisions"}],"predecessor-version":[{"id":2021,"href":"https:\/\/reveillonsensemblebussy.fr\/index.php\/wp-json\/wp\/v2\/posts\/1689\/revisions\/2021"}],"wp:featuredmedia":[{"embeddable":true,"href":"https:\/\/reveillonsensemblebussy.fr\/index.php\/wp-json\/wp\/v2\/media\/1696"}],"wp:attachment":[{"href":"https:\/\/reveillonsensemblebussy.fr\/index.php\/wp-json\/wp\/v2\/media?parent=1689"}],"wp:term":[{"taxonomy":"category","embeddable":true,"href":"https:\/\/reveillonsensemblebussy.fr\/index.php\/wp-json\/wp\/v2\/categories?post=1689"},{"taxonomy":"post_tag","embeddable":true,"href":"https:\/\/reveillonsensemblebussy.fr\/index.php\/wp-json\/wp\/v2\/tags?post=1689"}],"curies":[{"name":"wp","href":"https:\/\/api.w.org\/{rel}","templated":true}]}}