{"id":1550,"date":"2025-06-11T14:11:40","date_gmt":"2025-06-11T12:11:40","guid":{"rendered":"https:\/\/reveillonsensemblebussy.fr\/?p=1550"},"modified":"2025-06-11T18:30:14","modified_gmt":"2025-06-11T16:30:14","slug":"le-surendettement-de-bussy-saint-georges-stagne","status":"publish","type":"post","link":"https:\/\/reveillonsensemblebussy.fr\/index.php\/2025\/06\/11\/le-surendettement-de-bussy-saint-georges-stagne\/","title":{"rendered":"Le surendettement de Bussy-Saint-Georges stagne&#8230; malgr\u00e9 les engagements \u00e9lectoraux de notre maire en 2020\u00a0!\u00a0A quand une vraie r\u00e9flexion en profondeur pour sortir de ce pi\u00e8ge&#8230;"},"content":{"rendered":"\n<p>Nous poursuivons notre diagnostic financier de la ville de Bussy-Saint-Georges\u2026 et les incoh\u00e9rences s\u2019accumulent. Depuis cinq ans, notre maire affirme avoir d\u00e9sendett\u00e9 la ville. Mais les chiffres de cette ann\u00e9e r\u00e9v\u00e8lent une r\u00e9alit\u00e9 bien diff\u00e9rente, qui sonne comme une v\u00e9ritable trahison : la ville a contract\u00e9 de nouvelles dettes entre 2020 et 2025, au point que nous faisons aujourd\u2019hui quasiment du surplace en mati\u00e8re de d\u00e9sendettement.<\/p>\n\n\n\n<p>R\u00e9sultat : malgr\u00e9 un remboursement massif (27,5 millions d\u2019euros) en 5 ans, la dette n\u2019aura diminu\u00e9 que de 4,7 millions ! Un effort budg\u00e9taire consid\u00e9rable\u2026 pour un impact quasiment nul. Bussy-Saint-Georges restera donc, \u00e0 l\u2019issue de ce mandat, l\u2019une des communes les plus endett\u00e9es de France.<\/p>\n\n\n\n<p>Comment en est-t-on arriv\u00e9 l\u00e0 ?  La construction pr\u00e9cipit\u00e9e de plusieurs nouvelles \u00e9coles a d\u00e9s\u00e9quilibr\u00e9 les finances de la commune mais le vrai danger \u00e0 plus long terme, c\u2019est le pi\u00e8ge dans lequel nous sommes tous coinc\u00e9s : un urbanisme incontr\u00f4l\u00e9 qui alourdit les charges sans fin. Et tout cela se fait au d\u00e9triment de la qualit\u00e9 de vie des habitants. Sans une remise \u00e0 plat du mod\u00e8le \u00e9conomique de la ville, l&rsquo;\u00e9quilibre est tout simplement intenable. R\u00e9veillons nous ! <\/p>\n\n\n\n<!--more-->\n\n\n\n<h2 class=\"wp-block-heading\"><strong>Preuves et chiffres<\/strong> <strong>officiels<\/strong> <strong>\u00e0 l&rsquo;appui<\/strong><\/h2>\n\n\n\n<p>Juste avant le d\u00e9but du mandat de notre maire actuel, la dette de Bussy-Saint-Georges s\u2019\u00e9levait \u00e0 47,5 millions d\u2019euros. Entre 2020 et 2025, 21,4 millions d\u2019euros de nouveaux emprunts ont \u00e9t\u00e9 contract\u00e9s. <\/p>\n\n\n\n<p>On a presque emprunt\u00e9 autant que l&rsquo;on a rembours\u00e9 sur cette p\u00e9riode !!<\/p>\n\n\n\n<p>On a r\u00e9ussi entre 2020 et 2025, une prouesse budg\u00e9taire incroyable : d\u00e9bourser 27,5 millions d&rsquo;euros pour all\u00e9ger la dette de\u2026 4,7 millions. \u00c0 ce rythme, nous allons faire du sur place encore longtemps. Bussy-Saint-Georges reste donc solidement ancr\u00e9e parmi les communes les plus endett\u00e9es de France, avec 42,8 millions d\u2019euros d&rsquo;endettement en 2025, soit 45 % de plus que la moyenne des communes.<\/p>\n\n\n\n<p>Cher, inefficace, et sans issue !<\/p>\n\n\n\n<p>Le tableau ci-dessous est extrait de ce qu&rsquo;on appelle le \u00ab\u00a0Budget Administratif\u00a0\u00bb de la ville de Bussy. Cela correspond au bilan financier r\u00e9el que la ville formalise chaque ann\u00e9e. <\/p>\n\n\n\n<figure class=\"wp-block-image size-full\"><img loading=\"lazy\" decoding=\"async\" width=\"750\" height=\"647\" src=\"https:\/\/reveillonsensemblebussy.fr\/wp-content\/uploads\/2025\/06\/Capture.jpg\" alt=\"\" class=\"wp-image-1551\" srcset=\"https:\/\/reveillonsensemblebussy.fr\/wp-content\/uploads\/2025\/06\/Capture.jpg 750w, https:\/\/reveillonsensemblebussy.fr\/wp-content\/uploads\/2025\/06\/Capture-300x259.jpg 300w\" sizes=\"auto, (max-width: 706px) 89vw, (max-width: 767px) 82vw, 740px\" \/><figcaption class=\"wp-element-caption\">Budgets administratifs annuels de Bussy-Saint-Georges : endettement, capital restant du et annuit\u00e9 &#8211; 2025 : PB<\/figcaption><\/figure>\n\n\n\n<p>Rappelons que ce r\u00e9sultat est obtenu sur fond d\u2019effondrement des ratios de bonne sant\u00e9 financi\u00e8re de la ville de Bussy en 2024 et 2025.<\/p>\n\n\n\n<figure class=\"wp-block-embed is-type-wp-embed is-provider-r-veillons-ensemble-bussy wp-block-embed-r-veillons-ensemble-bussy\"><div class=\"wp-block-embed__wrapper\">\n<blockquote class=\"wp-embedded-content\" data-secret=\"suAcQNYUsl\"><a href=\"https:\/\/reveillonsensemblebussy.fr\/index.php\/2025\/04\/06\/non-monsieur-le-maire-personne-na-dit\/\">Non, Monsieur le maire, personne n&rsquo;a dit qu&rsquo;il y avait de l&rsquo;argent d\u00e9tourn\u00e9 \u00e0 Bussy-Saint-Georges, on a simplement dit que les finances de la ville sont en chute libre\u00a0!<\/a><\/blockquote><iframe loading=\"lazy\" class=\"wp-embedded-content\" sandbox=\"allow-scripts\" security=\"restricted\" style=\"position: absolute; visibility: hidden;\" title=\"\u00ab\u00a0Non, Monsieur le maire, personne n&rsquo;a dit qu&rsquo;il y avait de l&rsquo;argent d\u00e9tourn\u00e9 \u00e0 Bussy-Saint-Georges, on a simplement dit que les finances de la ville sont en chute libre\u00a0!\u00a0\u00bb &#8212; R\u00e9veillons Ensemble Bussy\" src=\"https:\/\/reveillonsensemblebussy.fr\/index.php\/2025\/04\/06\/non-monsieur-le-maire-personne-na-dit\/embed\/#?secret=xjKJNMvAR5#?secret=suAcQNYUsl\" data-secret=\"suAcQNYUsl\" width=\"525\" height=\"296\" frameborder=\"0\" marginwidth=\"0\" marginheight=\"0\" scrolling=\"no\"><\/iframe>\n<\/div><\/figure>\n\n\n\n<h2 class=\"wp-block-heading\"><strong><strong>Comment en est-on arriv\u00e9s l\u00e0 ? Plusieurs facteurs se conjuguent.<\/strong><\/strong><\/h2>\n\n\n\n<p>Premier facteur : 3 groupes scolaires sortis de terre en un temps record, sans pilotage pr\u00e9cis des besoins en termes de nouveaux habitants ; une erreur strat\u00e9gique lourde de cons\u00e9quences. Ici aussi, notre maire biaise la r\u00e9alit\u00e9. Il pr\u00e9tend que les groupes scolaires sont pris en charge par l&rsquo;Etat (EpaMarne) \u00e0 la hauteur de 80 %. Or, dans la r\u00e9alit\u00e9, nous, Buxangeorgiens, nous en prenons 50 % avec nos imp\u00f4ts. Et justement, c&rsquo;est ce 50 % qui vient de d\u00e9s\u00e9quilibrer fortement les finances de la ville.  <\/p>\n\n\n\n<p>Premier facteur du naufrage financier : trois groupes scolaires construits \u00e0 toute vitesse, sans v\u00e9ritable planification des besoins r\u00e9els g\u00e9n\u00e9r\u00e9s par les nouvelles familles qui s&rsquo;installent \u00e0 Bussy. Une erreur strat\u00e9gique aux cons\u00e9quences durables. Et l\u00e0 encore, <strong>l<\/strong>e maire travestit la r\u00e9alit\u00e9. Il affirme que ces \u00e9coles sont financ\u00e9es \u00e0 80 % par l\u2019\u00c9tat (via EpaMarne). Faux. V\u00e9rifications faites&#8230; Ce sont les Buxangeorgiens qui en paient la moiti\u00e9, via leurs imp\u00f4ts. Et c\u2019est pr\u00e9cis\u00e9ment ce reste \u00e0 charge de 50 % qui explique le basculement des finances de la commune dans le rouge.<\/p>\n\n\n\n<figure class=\"wp-block-embed is-type-wp-embed is-provider-r-veillons-ensemble-bussy wp-block-embed-r-veillons-ensemble-bussy\"><div class=\"wp-block-embed__wrapper\">\n<blockquote class=\"wp-embedded-content\" data-secret=\"MIgZJgV5J2\"><a href=\"https:\/\/reveillonsensemblebussy.fr\/index.php\/2025\/03\/16\/un-pilotage-scolaire-a-la-derive-bussy-saint-georges\/\">Un pilotage scolaire \u00e0 la d\u00e9rive : Bussy-Saint-Georges s\u2019enlise dans la surcapacit\u00e9, au d\u00e9triment des habitants et des autres investissements dans la qualit\u00e9 de vie !<\/a><\/blockquote><iframe loading=\"lazy\" class=\"wp-embedded-content\" sandbox=\"allow-scripts\" security=\"restricted\" style=\"position: absolute; visibility: hidden;\" title=\"\u00ab\u00a0Un pilotage scolaire \u00e0 la d\u00e9rive : Bussy-Saint-Georges s\u2019enlise dans la surcapacit\u00e9, au d\u00e9triment des habitants et des autres investissements dans la qualit\u00e9 de vie !\u00a0\u00bb &#8212; R\u00e9veillons Ensemble Bussy\" src=\"https:\/\/reveillonsensemblebussy.fr\/index.php\/2025\/03\/16\/un-pilotage-scolaire-a-la-derive-bussy-saint-georges\/embed\/#?secret=E4lVjmSXi9#?secret=MIgZJgV5J2\" data-secret=\"MIgZJgV5J2\" width=\"525\" height=\"296\" frameborder=\"0\" marginwidth=\"0\" marginheight=\"0\" scrolling=\"no\"><\/iframe>\n<\/div><\/figure>\n\n\n\n<p>Nous en voulons d\u2019ailleurs beaucoup au maire de n\u2019avoir pas suffisamment d\u00e9fendu les int\u00e9r\u00eats de Bussy-Saint-Georges en acceptant sans r\u00e9sistance les obligations de construction impos\u00e9es \u00e0 la commune avec en face : uniquement 50 % de prise en charge des co\u00fbts g\u00e9n\u00e9r\u00e9s par la construction de nouveaux groupes scolaires. <\/p>\n\n\n\n<p>Ce n\u2019est pas gr\u00e2ce \u00e0 son action que le rythme des constructions a ralenti entre 2020 et 2023, mais uniquement \u00e0 la parenth\u00e8se provoqu\u00e9e par la crise du COVID. Et d\u00e8s que les conditions l\u2019ont permis, il a relanc\u00e9 les chantiers de plus belle, voire il les a acc\u00e9l\u00e9r\u00e9s pour rattraper le \u00ab\u00a0temps perdu\u00a0\u00bb. Il suffit de regarder autour de nous !!<\/p>\n\n\n\n<p>Cette situation est intenable, car elle emp\u00eache la commune de sortir durablement de ses probl\u00e8mes de dette. On tourne en rond&#8230; Il est temps de trouver une solution ! <\/p>\n\n\n\n<figure class=\"wp-block-embed is-type-wp-embed is-provider-r-veillons-ensemble-bussy wp-block-embed-r-veillons-ensemble-bussy\"><div class=\"wp-block-embed__wrapper\">\n<blockquote class=\"wp-embedded-content\" data-secret=\"2yOyOjLszZ\"><a href=\"https:\/\/reveillonsensemblebussy.fr\/index.php\/2025\/05\/02\/construire-pour-construire-la-strategie-de-labsurde\/\">Construire pour construire : la strat\u00e9gie de l\u2019absurde\u00a0! Nous en voulons beaucoup au maire de Bussy-Saint-Georges pour sa passivit\u00e9 des 10 derni\u00e8res ann\u00e9es dans l\u2019affaire de l\u2019Op\u00e9ration d\u2019Int\u00e9r\u00eat National\u00a0 \u00a0<\/a><\/blockquote><iframe loading=\"lazy\" class=\"wp-embedded-content\" sandbox=\"allow-scripts\" security=\"restricted\" style=\"position: absolute; visibility: hidden;\" title=\"\u00ab\u00a0Construire pour construire : la strat\u00e9gie de l\u2019absurde\u00a0! Nous en voulons beaucoup au maire de Bussy-Saint-Georges pour sa passivit\u00e9 des 10 derni\u00e8res ann\u00e9es dans l\u2019affaire de l\u2019Op\u00e9ration d\u2019Int\u00e9r\u00eat National\u00a0 \u00a0\u00a0\u00bb &#8212; R\u00e9veillons Ensemble Bussy\" src=\"https:\/\/reveillonsensemblebussy.fr\/index.php\/2025\/05\/02\/construire-pour-construire-la-strategie-de-labsurde\/embed\/#?secret=VF05TRvWqX#?secret=2yOyOjLszZ\" data-secret=\"2yOyOjLszZ\" width=\"525\" height=\"296\" frameborder=\"0\" marginwidth=\"0\" marginheight=\"0\" scrolling=\"no\"><\/iframe>\n<\/div><\/figure>\n\n\n\n<p>Pourtant on avait encore 21 millions d&rsquo;euros dans les caisses de Bussy-Saint-Georges en 2020&#8230;. et nous payons 50 % de plus d&rsquo;imp\u00f4ts locaux que dans les communes comparables. Mais tout cela est v\u00e9ritablement \u00ab\u00a0aspir\u00e9\u00a0\u00bb par le train de vie de la commune.<\/p>\n\n\n\n<p>R\u00e9sultat : aucun des grands projets pr\u00e9vus \u00e0 Bussy, et annonc\u00e9s lors des derni\u00e8res \u00e9lections, n&rsquo;a encore pu \u00eatre r\u00e9alis\u00e9s !! <\/p>\n\n\n\n<figure class=\"wp-block-embed is-type-wp-embed is-provider-r-veillons-ensemble-bussy wp-block-embed-r-veillons-ensemble-bussy\"><div class=\"wp-block-embed__wrapper\">\n<blockquote class=\"wp-embedded-content\" data-secret=\"2vSXmA1b29\"><a href=\"https:\/\/reveillonsensemblebussy.fr\/index.php\/2025\/05\/22\/il-y-a-10-ans-le-maire-heritait-de-30-millions-deuros\/\">Il y a 10 ans, le maire h\u00e9ritait de 30 millions d\u2019euros \u00e0 Bussy-Saint-Georges. Dix ans plus tard : aucun projet structurant n\u2019a \u00e9t\u00e9 conduit \u00e0 son terme, et les caisses sont vides. O\u00f9 est pass\u00e9 le magot ?<\/a><\/blockquote><iframe loading=\"lazy\" class=\"wp-embedded-content\" sandbox=\"allow-scripts\" security=\"restricted\" style=\"position: absolute; visibility: hidden;\" title=\"\u00ab\u00a0Il y a 10 ans, le maire h\u00e9ritait de 30 millions d\u2019euros \u00e0 Bussy-Saint-Georges. Dix ans plus tard : aucun projet structurant n\u2019a \u00e9t\u00e9 conduit \u00e0 son terme, et les caisses sont vides. O\u00f9 est pass\u00e9 le magot ?\u00a0\u00bb &#8212; R\u00e9veillons Ensemble Bussy\" src=\"https:\/\/reveillonsensemblebussy.fr\/index.php\/2025\/05\/22\/il-y-a-10-ans-le-maire-heritait-de-30-millions-deuros\/embed\/#?secret=Ne1wMugDKQ#?secret=2vSXmA1b29\" data-secret=\"2vSXmA1b29\" width=\"525\" height=\"296\" frameborder=\"0\" marginwidth=\"0\" marginheight=\"0\" scrolling=\"no\"><\/iframe>\n<\/div><\/figure>\n\n\n\n<p>Le vrai probl\u00e8me de Bussy-Saint-Georges est syst\u00e9mique. La ville est enferm\u00e9e dans un engrenage. Tant qu\u2019aucune limite n\u2019est fix\u00e9e au rythme des constructions, sans contreparties \u00e0 la hauteur, le d\u00e9veloppement s\u2019emballe\u2026 et les d\u00e9penses avec lui. Si on ajoute \u00e0 cela, 20 % de plus de d\u00e9penses que les autres communes de m\u00eame taille, la situation n&rsquo;est \u00e9videmment pas durable. Tant que le mod\u00e8le \u00e9conomique de Bussy ne sera pas repens\u00e9 en profondeur, rien ne changera. Nous n\u2019aurons jamais les moyens d\u2019investir dans ce qui compte vraiment : notre qualit\u00e9 de vie, nos loisirs, la culture, la dynamique commerciale du centre-ville, des locaux pour plus d&rsquo;associations sportives et artistiques, etc.  <\/p>\n\n\n\n<p>Ce d\u00e9s\u00e9quilibre, nous l\u2019avions d\u00e9nonc\u00e9 d\u00e8s notre arriv\u00e9e au Conseil municipal en 2020. En t\u00e9moigne cet article d&rsquo;avril 2021 ! D\u00e9j\u00e0 4 ans&#8230; et rien n&rsquo;a \u00e9t\u00e9 fait&#8230;<\/p>\n\n\n\n<p><\/p>\n\n\n\n<figure class=\"wp-block-embed is-type-wp-embed is-provider-r-veillons-ensemble-bussy wp-block-embed-r-veillons-ensemble-bussy\"><div class=\"wp-block-embed__wrapper\">\n<blockquote class=\"wp-embedded-content\" data-secret=\"I3fQCSEfar\"><a href=\"https:\/\/reveillonsensemblebussy.fr\/index.php\/2021\/04\/04\/bussy-saint-georges-pris-depuis-longtemps-dans-un-engrenage-financier\/\">Bussy-Saint-Georges, une ville \u00ab\u00a0nouvelle\u00a0\u00bb prise dans un engrenage financier d\u00fb \u00e0 l&rsquo;urbanisation galopante \u00e0 marche forc\u00e9e : explications&#8230;<\/a><\/blockquote><iframe loading=\"lazy\" class=\"wp-embedded-content\" sandbox=\"allow-scripts\" security=\"restricted\" style=\"position: absolute; visibility: hidden;\" title=\"\u00ab\u00a0Bussy-Saint-Georges, une ville \u00ab\u00a0nouvelle\u00a0\u00bb prise dans un engrenage financier d\u00fb \u00e0 l&rsquo;urbanisation galopante \u00e0 marche forc\u00e9e : explications&#8230;\u00a0\u00bb &#8212; R\u00e9veillons Ensemble Bussy\" src=\"https:\/\/reveillonsensemblebussy.fr\/index.php\/2021\/04\/04\/bussy-saint-georges-pris-depuis-longtemps-dans-un-engrenage-financier\/embed\/#?secret=LbRx65NPi1#?secret=I3fQCSEfar\" data-secret=\"I3fQCSEfar\" width=\"525\" height=\"296\" frameborder=\"0\" marginwidth=\"0\" marginheight=\"0\" scrolling=\"no\"><\/iframe>\n<\/div><\/figure>\n","protected":false},"excerpt":{"rendered":"<p>Nous poursuivons notre diagnostic financier de la ville de Bussy-Saint-Georges\u2026 et les incoh\u00e9rences s\u2019accumulent. Depuis cinq ans, notre maire affirme avoir d\u00e9sendett\u00e9 la ville. Mais les chiffres de cette ann\u00e9e r\u00e9v\u00e8lent une r\u00e9alit\u00e9 bien diff\u00e9rente, qui sonne comme une v\u00e9ritable trahison : la ville a contract\u00e9 de nouvelles dettes entre 2020 et 2025, au point &hellip; <\/p>\n<p class=\"link-more\"><a href=\"https:\/\/reveillonsensemblebussy.fr\/index.php\/2025\/06\/11\/le-surendettement-de-bussy-saint-georges-stagne\/\" class=\"more-link\">Continuer la lecture<span class=\"screen-reader-text\"> de &laquo;&nbsp;Le surendettement de Bussy-Saint-Georges stagne&#8230; malgr\u00e9 les engagements \u00e9lectoraux de notre maire en 2020\u00a0!\u00a0A quand une vraie r\u00e9flexion en profondeur pour sortir de ce pi\u00e8ge&#8230;&nbsp;&raquo;<\/span><\/a><\/p>\n","protected":false},"author":4,"featured_media":1552,"comment_status":"open","ping_status":"open","sticky":false,"template":"","format":"standard","meta":{"footnotes":""},"categories":[2,3],"tags":[17,39,142,60],"class_list":["post-1550","post","type-post","status-publish","format-standard","has-post-thumbnail","hentry","category-actus","category-chiffrescles","tag-bussy-saint-georges","tag-conseil-municipal","tag-dettes","tag-finances"],"_links":{"self":[{"href":"https:\/\/reveillonsensemblebussy.fr\/index.php\/wp-json\/wp\/v2\/posts\/1550","targetHints":{"allow":["GET"]}}],"collection":[{"href":"https:\/\/reveillonsensemblebussy.fr\/index.php\/wp-json\/wp\/v2\/posts"}],"about":[{"href":"https:\/\/reveillonsensemblebussy.fr\/index.php\/wp-json\/wp\/v2\/types\/post"}],"author":[{"embeddable":true,"href":"https:\/\/reveillonsensemblebussy.fr\/index.php\/wp-json\/wp\/v2\/users\/4"}],"replies":[{"embeddable":true,"href":"https:\/\/reveillonsensemblebussy.fr\/index.php\/wp-json\/wp\/v2\/comments?post=1550"}],"version-history":[{"count":8,"href":"https:\/\/reveillonsensemblebussy.fr\/index.php\/wp-json\/wp\/v2\/posts\/1550\/revisions"}],"predecessor-version":[{"id":1566,"href":"https:\/\/reveillonsensemblebussy.fr\/index.php\/wp-json\/wp\/v2\/posts\/1550\/revisions\/1566"}],"wp:featuredmedia":[{"embeddable":true,"href":"https:\/\/reveillonsensemblebussy.fr\/index.php\/wp-json\/wp\/v2\/media\/1552"}],"wp:attachment":[{"href":"https:\/\/reveillonsensemblebussy.fr\/index.php\/wp-json\/wp\/v2\/media?parent=1550"}],"wp:term":[{"taxonomy":"category","embeddable":true,"href":"https:\/\/reveillonsensemblebussy.fr\/index.php\/wp-json\/wp\/v2\/categories?post=1550"},{"taxonomy":"post_tag","embeddable":true,"href":"https:\/\/reveillonsensemblebussy.fr\/index.php\/wp-json\/wp\/v2\/tags?post=1550"}],"curies":[{"name":"wp","href":"https:\/\/api.w.org\/{rel}","templated":true}]}}