{"id":1115,"date":"2024-04-01T21:55:07","date_gmt":"2024-04-01T19:55:07","guid":{"rendered":"https:\/\/bussycestvous.fr\/?p=1115"},"modified":"2025-03-01T21:37:23","modified_gmt":"2025-03-01T20:37:23","slug":"bussy-saint-georges-et-ecoute-des-habitants-echec","status":"publish","type":"post","link":"https:\/\/reveillonsensemblebussy.fr\/index.php\/2024\/04\/01\/bussy-saint-georges-et-ecoute-des-habitants-echec\/","title":{"rendered":"Bussy-Saint-Georges et \u00e9coute des habitants\u00a0: \u00e9chec de la m\u00e9thode &amp; absence de volont\u00e9 !"},"content":{"rendered":"\n<p>Tr\u00e8s r\u00e9guli\u00e8rement depuis 3 ans, nous avons attir\u00e9 votre attention en tant qu\u2019\u00e9lues d\u2019opposition sur l\u2019absence de concertation avec les habitants de Bussy-Saint-Georges. <\/p>\n\n\n\n<p>Je reviens ici sur 8 exemples r\u00e9cents : soit parce que le manque de concertation nous a particuli\u00e8rement choqu\u00e9es, soit parce que les occasions l\u00e9gales de concertation ont \u00e9t\u00e9 r\u00e9duites au maximum. J\u2019avais \u00e9crit un article \u00e0 chaque fois pour vous alerter, y compris sur <a href=\"https:\/\/bussycestvous.fr\/tag\/stationnement\/\" target=\"_blank\" rel=\"noreferrer noopener\">le nouveau syst\u00e8me de stationnement payant du centre-ville, \u00e9crit il y a tout juste un an<\/a>\u00a0! <\/p>\n\n\n\n<p>Justement d\u2019ailleurs, ce sujet a cr\u00e9\u00e9 r\u00e9cemment une pol\u00e9mique telle que les habitants commencent \u00e0 exprimer tr\u00e8s fortement leur m\u00e9contentement au travers d\u2019une p\u00e9tition lanc\u00e9e par un autre groupe d\u2019opposition. La ville avait organis\u00e9 une r\u00e9union d\u2019information le 18 mars. \u00a0Cette fois-ci, l\u2019\u00e9quipe de la majorit\u00e9 est en train de payer le prix fort de cette absence de communication et de concertation des citoyens\u00a0!! <em><a href=\"https:\/\/actu.fr\/ile-de-france\/bussy-saint-georges_77058\/seine-et-marne-une-reunion-publique-sous-le-signe-de-la-colere-et-de-lirrespect_60842076.html\">Seine-et-Marne : une r\u00e9union publique sous le signe de la col\u00e8re et de l&rsquo;irrespect<\/a>. <\/em>Et oui, c\u2019est bien chez nous, \u00e0 Bussy-Saint-Georges\u00a0!! Il s&rsquo;agit d&rsquo;un article du magazine en ligne local \u00ab\u00a0La Marne\u00a0\u00bb\u00a0d\u00e9crivant les heurts ayant eu lieu le 18 mars.<\/p>\n\n\n\n<!--more-->\n\n\n\n<h2 class=\"wp-block-heading\"><strong>Le manque de concertation : malheureusement c&rsquo;est culturel chez les \u00e9lus fran\u00e7ais\u00a0\u00a0\u00a0\u00a0\u00a0<\/strong><\/h2>\n\n\n\n<p>Ayant travaill\u00e9 s<a href=\"https:\/\/www.amazon.fr\/Politique-locale-concert%C3%A9e-diagnostic-l%C3%A9valuation\/dp\/3841775012\">ur le sujet de la concertation des citoyens en tant que chercheur<\/a>, mon diagnostic est que c\u2019est une question de culture des \u00e9lus. Certains \u00e9lus ne souhaitent pas rentrer dans des processus de discussion avec les habitants. Ils estiment qu\u2019ils ont \u00e9t\u00e9 \u00e9lus l\u00e9gitimement. Ils s\u2019enferment dans une tour d\u2019ivoire d\u00e9mocratique o\u00f9 ils consid\u00e8rent que c\u2019est \u00e0 eux de d\u00e9cider. Il y a quelques ann\u00e9es, cela repr\u00e9sentait la situation de 40 % des territoires que j\u2019avais \u00e9tudi\u00e9s. Les \u00e9lus de la majorit\u00e9 de Bussy-Saint-Georges ne sont donc pas les seuls en France \u00e0 ne pas se soucier de l&rsquo;avis des habitants entre deux \u00e9lections. <\/p>\n\n\n\n<p>Mais nos coll\u00e8gues \u00e9lus de la majorit\u00e9 doivent prendre garde aux signaux faibles. Le manque de concertation devient trop probl\u00e9matique aujourd&rsquo;hui. Est-ce que l&rsquo;affaire du stationnement payant en centre-ville sera \u00ab\u00a0la goutte qui va faire d\u00e9border le vase\u00a0\u00bb ? <\/p>\n\n\n\n<h2 class=\"wp-block-heading\"><strong>Quelques d\u00e9cisions qui ont \u00e9t\u00e9 prises sans concertation et qui ont \u00e9t\u00e9 de v\u00e9ritables chocs pour nous\u00a0!<\/strong><\/h2>\n\n\n\n<p>Mon premier choc de jeune \u00e9lue au Conseil Municipal. La ville de Bussy-Saint-Georges coupe 110 arbres sans concertation rue du Clos Saint Georges dont seuls 25 % n\u00e9cessitaient d\u2019\u00eatre abattus assez rapidement car dangereux. \u00a0<\/p>\n\n\n\n<figure class=\"wp-block-embed is-type-wp-embed is-provider-bussy-c-039-est-vous wp-block-embed-bussy-c-039-est-vous\"><div class=\"wp-block-embed__wrapper\">\n<blockquote class=\"wp-embedded-content\" data-secret=\"bJiD8MUG4H\"><a href=\"https:\/\/bussycestvous.fr\/2021\/11\/22\/arrachage-des-arbres\/\">Arrachage d\u2019une centaine d\u2019arbres le long de l\u2019Avenue du Clos Saint-Georges : apr\u00e8s le choc, les explications&#8230; Une n\u00e9cessit\u00e9 d\u2019accompagner ce type de projet par plus de communication et de concertation.<\/a><\/blockquote><iframe loading=\"lazy\" class=\"wp-embedded-content\" sandbox=\"allow-scripts\" security=\"restricted\" style=\"position: absolute; clip: rect(1px, 1px, 1px, 1px);\" title=\"\u00ab\u00a0Arrachage d\u2019une centaine d\u2019arbres le long de l\u2019Avenue du Clos Saint-Georges : apr\u00e8s le choc, les explications&#8230; Une n\u00e9cessit\u00e9 d\u2019accompagner ce type de projet par plus de communication et de concertation.\u00a0\u00bb &#8212; Bussy c&#039;est vous\" src=\"https:\/\/bussycestvous.fr\/2021\/11\/22\/arrachage-des-arbres\/embed\/#?secret=uJCdnPXAkB#?secret=bJiD8MUG4H\" data-secret=\"bJiD8MUG4H\" width=\"525\" height=\"296\" frameborder=\"0\" marginwidth=\"0\" marginheight=\"0\" scrolling=\"no\"><\/iframe>\n<\/div><\/figure>\n\n\n\n<p>Autre choc en 2022, la ville veut couper la place du Clos Saint Georges pour y faire passer une route au milieu.<\/p>\n\n\n\n<figure class=\"wp-block-embed is-type-wp-embed is-provider-bussy-c-039-est-vous wp-block-embed-bussy-c-039-est-vous\"><div class=\"wp-block-embed__wrapper\">\n<blockquote class=\"wp-embedded-content\" data-secret=\"NwpSJp5zuE\"><a href=\"https:\/\/bussycestvous.fr\/2022\/06\/25\/couper-en-2-la-place-du-clos-de-saint-georges\/\">Couper en 2 la place du\u00a0Clos de Saint Georges\u00a0pour y faire passer une route au milieu\u00a0! Une mobilisation r\u00e9ussie des citoyens et \u00e9lus contre ce projet\u00a0\u00a0<\/a><\/blockquote><iframe loading=\"lazy\" class=\"wp-embedded-content\" sandbox=\"allow-scripts\" security=\"restricted\" style=\"position: absolute; clip: rect(1px, 1px, 1px, 1px);\" title=\"\u00ab\u00a0Couper en 2 la place du\u00a0Clos de Saint Georges\u00a0pour y faire passer une route au milieu\u00a0! Une mobilisation r\u00e9ussie des citoyens et \u00e9lus contre ce projet\u00a0\u00a0\u00a0\u00bb &#8212; Bussy c&#039;est vous\" src=\"https:\/\/bussycestvous.fr\/2022\/06\/25\/couper-en-2-la-place-du-clos-de-saint-georges\/embed\/#?secret=zzLYrG5mB1#?secret=NwpSJp5zuE\" data-secret=\"NwpSJp5zuE\" width=\"525\" height=\"296\" frameborder=\"0\" marginwidth=\"0\" marginheight=\"0\" scrolling=\"no\"><\/iframe>\n<\/div><\/figure>\n\n\n\n<p>La perspective d&rsquo;avoir un parking silo au milieu du Sycomore sans que les habitants puissent vraiment en discuter est un autre exemple qui  m&rsquo;avait fait r\u00e9agir fortement. <\/p>\n\n\n\n<figure class=\"wp-block-embed is-type-wp-embed is-provider-bussy-c-039-est-vous wp-block-embed-bussy-c-039-est-vous\"><div class=\"wp-block-embed__wrapper\">\n<blockquote class=\"wp-embedded-content\" data-secret=\"V2JO71UVC4\"><a href=\"https:\/\/bussycestvous.fr\/2022\/05\/01\/quelles-nouvelles-du-parking-silo\/\">Quelles nouvelles du parking silo du quartier du Sycomore\u00a0? Un processus aussi peu informatif que participatif mais quelques assouplissements&#8230; donc soyons constructifs\u00a0! Attention \u00e0 la suite des \u00e9v\u00e8nements n\u00e9anmoins\u2026 nos craintes pour l\u2019avenir\u00a0<\/a><\/blockquote><iframe loading=\"lazy\" class=\"wp-embedded-content\" sandbox=\"allow-scripts\" security=\"restricted\" style=\"position: absolute; clip: rect(1px, 1px, 1px, 1px);\" title=\"\u00ab\u00a0Quelles nouvelles du parking silo du quartier du Sycomore\u00a0? Un processus aussi peu informatif que participatif mais quelques assouplissements&#8230; donc soyons constructifs\u00a0! Attention \u00e0 la suite des \u00e9v\u00e8nements n\u00e9anmoins\u2026 nos craintes pour l\u2019avenir\u00a0\u00a0\u00bb &#8212; Bussy c&#039;est vous\" src=\"https:\/\/bussycestvous.fr\/2022\/05\/01\/quelles-nouvelles-du-parking-silo\/embed\/#?secret=0gGGedQIW4#?secret=V2JO71UVC4\" data-secret=\"V2JO71UVC4\" width=\"525\" height=\"296\" frameborder=\"0\" marginwidth=\"0\" marginheight=\"0\" scrolling=\"no\"><\/iframe>\n<\/div><\/figure>\n\n\n\n<p>Il y a un an, <a href=\"https:\/\/bussycestvous.fr\/tag\/stationnement\/\">le manque d&rsquo;information et de concertation sur le stationnement payant en centre ville m&rsquo;avait d\u00e9j\u00e0 fait bondir<\/a> !!<\/p>\n\n\n\n<p>Tr\u00e8s r\u00e9guli\u00e8rement au Conseil Municipal et au Conseil Communautaire, je r\u00e9p\u00e8te depuis 3 ans\u00a0: \u00ab\u00a0Si les habitants ne sont jamais consult\u00e9s, on ne peut pas leur reprocher apr\u00e8s de ne pas aller voter\u00a0\u00bb ; d\u2019o\u00f9 le score tr\u00e8s important en France des abstentions\u00a0\u00bb. Les habitants qui assistent au Conseil Municipal et au Conseil Communautaire sont t\u00e9moins de ces remarques permanentes\u00a0!! Je sens les sourires de certains de mes coll\u00e8gues \u00e9lus quand je dis \u00e7a. N\u00e9anmoins, c\u2019est pour moi un sujet capital.<\/p>\n\n\n\n<h2 class=\"wp-block-heading\"><strong>Sans concertation et sans communication, on cr\u00e9e de l\u2019anxi\u00e9t\u00e9\u00a0<\/strong><\/h2>\n\n\n\n<p>Le d\u00e9veloppement du quartier du Sycomore reste \u00e0 ce sujet l&rsquo;exemple le plus frappant du manque de communication de la ville de Bussy-Saint-Georges. <\/p>\n\n\n\n<figure class=\"wp-block-embed is-type-wp-embed is-provider-bussy-c-039-est-vous wp-block-embed-bussy-c-039-est-vous\"><div class=\"wp-block-embed__wrapper\">\n<blockquote class=\"wp-embedded-content\" data-secret=\"XFKVceuPyN\"><a href=\"https:\/\/bussycestvous.fr\/2022\/11\/30\/anxiete-urbanistique-a-bussy\/\">\u00ab\u00a0Anxi\u00e9t\u00e9 urbanistique\u00a0\u00bb \u00e0 Bussy\u00a0: A quoi ressemblera les quartiers du Sycomore et de l\u2019entr\u00e9e de la ville, une fois termin\u00e9s\u00a0? Impossible d\u2019avoir une image pr\u00e9cise\u00a0!!!\u00a0<\/a><\/blockquote><iframe loading=\"lazy\" class=\"wp-embedded-content\" sandbox=\"allow-scripts\" security=\"restricted\" style=\"position: absolute; clip: rect(1px, 1px, 1px, 1px);\" title=\"\u00ab\u00a0\u00ab\u00a0Anxi\u00e9t\u00e9 urbanistique\u00a0\u00bb \u00e0 Bussy\u00a0: A quoi ressemblera les quartiers du Sycomore et de l\u2019entr\u00e9e de la ville, une fois termin\u00e9s\u00a0? Impossible d\u2019avoir une image pr\u00e9cise\u00a0!!!\u00a0\u00a0\u00bb &#8212; Bussy c&#039;est vous\" src=\"https:\/\/bussycestvous.fr\/2022\/11\/30\/anxiete-urbanistique-a-bussy\/embed\/#?secret=1WWbg26mnO#?secret=XFKVceuPyN\" data-secret=\"XFKVceuPyN\" width=\"525\" height=\"296\" frameborder=\"0\" marginwidth=\"0\" marginheight=\"0\" scrolling=\"no\"><\/iframe>\n<\/div><\/figure>\n\n\n\n<h2 class=\"wp-block-heading\"><strong>Mais comment les villes organisent-elles la concertation\u00a0?<\/strong><\/h2>\n\n\n\n<p>Dans 60 % des territoires, on a quand m\u00eame des \u00e9lus qui font le maximum pour ouvrir les r\u00e9flexions aux acteurs \u00e9conomiques du territoire comme aux simples habitants. J\u2019avais \u00e9crit un article sur cette th\u00e9matique pour montrer comment ces villes proc\u00e8dent.<\/p>\n\n\n\n<figure class=\"wp-block-embed is-type-wp-embed is-provider-bussy-c-039-est-vous wp-block-embed-bussy-c-039-est-vous\"><div class=\"wp-block-embed__wrapper\">\n<blockquote class=\"wp-embedded-content\" data-secret=\"g7xHlYIO4V\"><a href=\"https:\/\/bussycestvous.fr\/2022\/06\/26\/pourquoi-aussi-peu-de-concertation\/\">Pourquoi aussi peu de concertation et de communication \u00e0 Bussy-Saint-Georges sur les perspectives d\u2019avenir de la ville\u00a0? Exemples de 5 villes qui ont trouv\u00e9 les moyens de mobiliser la population, les commer\u00e7ants, les associations et les entreprises pour d\u00e9finir ensemble les priorit\u00e9s futures de leur territoire\u2026 \u00a0\u00a0\u00a0\u00a0\u00a0\u00a0 \u00a0<\/a><\/blockquote><iframe loading=\"lazy\" class=\"wp-embedded-content\" sandbox=\"allow-scripts\" security=\"restricted\" style=\"position: absolute; clip: rect(1px, 1px, 1px, 1px);\" title=\"\u00ab\u00a0Pourquoi aussi peu de concertation et de communication \u00e0 Bussy-Saint-Georges sur les perspectives d\u2019avenir de la ville\u00a0? Exemples de 5 villes qui ont trouv\u00e9 les moyens de mobiliser la population, les commer\u00e7ants, les associations et les entreprises pour d\u00e9finir ensemble les priorit\u00e9s futures de leur territoire\u2026 \u00a0\u00a0\u00a0\u00a0\u00a0\u00a0 \u00a0\u00a0\u00bb &#8212; Bussy c&#039;est vous\" src=\"https:\/\/bussycestvous.fr\/2022\/06\/26\/pourquoi-aussi-peu-de-concertation\/embed\/#?secret=t5nK5mYg1n#?secret=g7xHlYIO4V\" data-secret=\"g7xHlYIO4V\" width=\"525\" height=\"296\" frameborder=\"0\" marginwidth=\"0\" marginheight=\"0\" scrolling=\"no\"><\/iframe>\n<\/div><\/figure>\n\n\n\n<h2 class=\"wp-block-heading\"><strong>Les limites du fonctionnement actuel des Comit\u00e9s de quartier m\u00eame s\u2019ils font un bon travail de fond<\/strong><\/h2>\n\n\n\n<p>Or, la pr\u00e9sente majorit\u00e9 consid\u00e8re que les Comit\u00e9s de quartier sont des vecteurs de concertation des habitants. Nos coll\u00e8gues \u00e9lus de la majorit\u00e9 se reposent donc exclusivement sur ce vecteur. Le probl\u00e8me des Comit\u00e9s de quartier \u00e0 Bussy-Saint-Georges qui font un tr\u00e8s bon travail de fond, c\u2019est qu\u2019ils reposent sur un petit nombre d\u2019habitants qui travaillent sur diff\u00e9rents th\u00e8mes en vase clos. <\/p>\n\n\n\n<p>Dans certaines villes, les comit\u00e9s de quartier sont ouverts \u00e0 tous. Ils reposent certes sur un petit noyau d\u2019habitants tr\u00e8s impliqu\u00e9s mais ils permettent de mobiliser les autres habitants. Dans certaines villes, certains Comit\u00e9s poss\u00e8dent m\u00eame un budget et organisent des kermesses avec les \u00e9coles, des f\u00eates des voisins et divers \u00e9v\u00e8nements festifs et informatifs qui leur permettent de maintenir du lien social au c\u0153ur des quartiers. Car on le sait tous\u00a0: nos villes en banlieue lointaine et nos rythmes de vie sont peu compatibles justement avec le d\u00e9veloppement de liens entre les gens et les g\u00e9n\u00e9rations. C&rsquo;est pourtant ce capital social qui fait la qualit\u00e9 de vie d&rsquo;une ville. Dans une ville comme Bussy qui est une ville nouvelle, c\u2019est une des probl\u00e9matiques majeures aujourd\u2019hui qui est peu abord\u00e9e en tant que telle. <\/p>\n\n\n\n<h2 class=\"wp-block-heading\"><strong>Une volont\u00e9 ferme de faire le minimum<\/strong><\/h2>\n\n\n\n<p>Tr\u00e8s souvent les \u00e9lus de la majorit\u00e9 se reposent exclusivement sur les seuils les plus bas pour les concertations obligatoires. Car notre l\u00e9gislation est bien faite. Elle pr\u00e9voit des phases de concertation avec les habitants. Mais seules les actions obligatoires sont indiqu\u00e9es dans les textes de loi. Or, \u00e0 Bussy-Saint-Georges, les \u00e9lus de la majorit\u00e9 se basent exclusivement sur ces actions minimums. Le nombre de fois o\u00f9 j\u2019ai \u00e9crit dans les articles ci-dessous\u00a0: quel dommage, encore une belle occasion perdue de discuter avec les citoyens !<\/p>\n\n\n\n<p>\u00a0Un article qui traduit ma col\u00e8re sur la concertation dans le cadre du PLU.<\/p>\n\n\n\n<figure class=\"wp-block-embed is-type-wp-embed is-provider-bussy-c-039-est-vous wp-block-embed-bussy-c-039-est-vous\"><div class=\"wp-block-embed__wrapper\">\n<blockquote class=\"wp-embedded-content\" data-secret=\"dqYyyHzrWD\"><a href=\"https:\/\/bussycestvous.fr\/2023\/06\/28\/quasi-absence-de-concertation-sur-le-plu\/\">Quasi-absence de concertation sur le PLU (Plan Local d\u2019Urbanisme) apr\u00e8s 2 ans\u00a0: nous avons vot\u00e9 \u00ab\u00a0Contre\u00a0\u00bb lors du Conseil Municipal de juin 2023.<\/a><\/blockquote><iframe loading=\"lazy\" class=\"wp-embedded-content\" sandbox=\"allow-scripts\" security=\"restricted\" style=\"position: absolute; clip: rect(1px, 1px, 1px, 1px);\" title=\"\u00ab\u00a0Quasi-absence de concertation sur le PLU (Plan Local d\u2019Urbanisme) apr\u00e8s 2 ans\u00a0: nous avons vot\u00e9 \u00ab\u00a0Contre\u00a0\u00bb lors du Conseil Municipal de juin 2023.\u00a0\u00bb &#8212; Bussy c&#039;est vous\" src=\"https:\/\/bussycestvous.fr\/2023\/06\/28\/quasi-absence-de-concertation-sur-le-plu\/embed\/#?secret=JFb6eXIVXj#?secret=dqYyyHzrWD\" data-secret=\"dqYyyHzrWD\" width=\"525\" height=\"296\" frameborder=\"0\" marginwidth=\"0\" marginheight=\"0\" scrolling=\"no\"><\/iframe>\n<\/div><figcaption class=\"wp-element-caption\"><br \/><\/figcaption><\/figure>\n\n\n\n<p>Tout comme pour la nouvelle zone \u00e9conomique, il n&rsquo;y a pas eu de discussion avec les citoyens de Bussy-Saint-Georges !! <\/p>\n\n\n\n<figure class=\"wp-block-embed is-type-wp-embed is-provider-bussy-c-039-est-vous wp-block-embed-bussy-c-039-est-vous\"><div class=\"wp-block-embed__wrapper\">\n<blockquote class=\"wp-embedded-content\" data-secret=\"JMSH65HwQq\"><a href=\"https:\/\/bussycestvous.fr\/2022\/11\/30\/une-nouvelle-zone-economique-a-bussy-baptisee-la-rucherie\/\">Une nouvelle zone \u00e9conomique \u00e0 Bussy baptis\u00e9e \u00ab\u00a0La Rucherie\u00a0\u00bb : quelques d\u00e9tails sur ce qui nous attend et quelques vrais regrets sur les 3000 emplois cr\u00e9\u00e9s qui seront majoritairement des emplois peu qualifi\u00e9s<\/a><\/blockquote><iframe loading=\"lazy\" class=\"wp-embedded-content\" sandbox=\"allow-scripts\" security=\"restricted\" style=\"position: absolute; clip: rect(1px, 1px, 1px, 1px);\" title=\"\u00ab\u00a0Une nouvelle zone \u00e9conomique \u00e0 Bussy baptis\u00e9e \u00ab\u00a0La Rucherie\u00a0\u00bb : quelques d\u00e9tails sur ce qui nous attend et quelques vrais regrets sur les 3000 emplois cr\u00e9\u00e9s qui seront majoritairement des emplois peu qualifi\u00e9s\u00a0\u00bb &#8212; Bussy c&#039;est vous\" src=\"https:\/\/bussycestvous.fr\/2022\/11\/30\/une-nouvelle-zone-economique-a-bussy-baptisee-la-rucherie\/embed\/#?secret=1tofKyJAvQ#?secret=JMSH65HwQq\" data-secret=\"JMSH65HwQq\" width=\"525\" height=\"296\" frameborder=\"0\" marginwidth=\"0\" marginheight=\"0\" scrolling=\"no\"><\/iframe>\n<\/div><\/figure>\n\n\n\n<h2 class=\"wp-block-heading\"><strong>Et m\u00eame quand la loi oblige \u00e0 faire de la concertation, c&rsquo;est tellement complexe que quasiment personne ne donne son avis<\/strong><\/h2>\n\n\n\n<p>Quelques articles qui t\u00e9moignent de la difficult\u00e9 pour un habitant de donner son avis sur des projets qui se passent \u00e0 c\u00f4t\u00e9 de chez eux.<\/p>\n\n\n\n<figure class=\"wp-block-embed is-type-wp-embed is-provider-bussy-c-039-est-vous wp-block-embed-bussy-c-039-est-vous\"><div class=\"wp-block-embed__wrapper\">\n<blockquote class=\"wp-embedded-content\" data-secret=\"XDRjS8psvf\"><a href=\"https:\/\/bussycestvous.fr\/2023\/11\/18\/6800-pages-et-30-jours-pour-une-enquete-publique\/\">6800 pages, quelques parties obcures et 30 jours pour une enqu\u00eate publique concernant une zone d&rsquo;activit\u00e9 ! A force de ne rien faire pour impliquer les citoyens&#8230; les citoyens s&rsquo;\u00e9loignent inexorablement de la vie publique<\/a><\/blockquote><iframe loading=\"lazy\" class=\"wp-embedded-content\" sandbox=\"allow-scripts\" security=\"restricted\" style=\"position: absolute; clip: rect(1px, 1px, 1px, 1px);\" title=\"\u00ab\u00a06800 pages, quelques parties obcures et 30 jours pour une enqu\u00eate publique concernant une zone d&rsquo;activit\u00e9 ! A force de ne rien faire pour impliquer les citoyens&#8230; les citoyens s&rsquo;\u00e9loignent inexorablement de la vie publique\u00a0\u00bb &#8212; Bussy c&#039;est vous\" src=\"https:\/\/bussycestvous.fr\/2023\/11\/18\/6800-pages-et-30-jours-pour-une-enquete-publique\/embed\/#?secret=xk4DdQduFp#?secret=XDRjS8psvf\" data-secret=\"XDRjS8psvf\" width=\"525\" height=\"296\" frameborder=\"0\" marginwidth=\"0\" marginheight=\"0\" scrolling=\"no\"><\/iframe>\n<\/div><\/figure>\n\n\n\n<p><\/p>\n\n\n\n<figure class=\"wp-block-embed is-type-wp-embed is-provider-bussy-c-039-est-vous wp-block-embed-bussy-c-039-est-vous\"><div class=\"wp-block-embed__wrapper\">\n<blockquote class=\"wp-embedded-content\" data-secret=\"XDRjS8psvf\"><a href=\"https:\/\/bussycestvous.fr\/2023\/11\/18\/6800-pages-et-30-jours-pour-une-enquete-publique\/\">6800 pages, quelques parties obcures et 30 jours pour une enqu\u00eate publique concernant une zone d&rsquo;activit\u00e9 ! A force de ne rien faire pour impliquer les citoyens&#8230; les citoyens s&rsquo;\u00e9loignent inexorablement de la vie publique<\/a><\/blockquote><iframe loading=\"lazy\" class=\"wp-embedded-content\" sandbox=\"allow-scripts\" security=\"restricted\" style=\"position: absolute; clip: rect(1px, 1px, 1px, 1px);\" title=\"\u00ab\u00a06800 pages, quelques parties obcures et 30 jours pour une enqu\u00eate publique concernant une zone d&rsquo;activit\u00e9 ! A force de ne rien faire pour impliquer les citoyens&#8230; les citoyens s&rsquo;\u00e9loignent inexorablement de la vie publique\u00a0\u00bb &#8212; Bussy c&#039;est vous\" src=\"https:\/\/bussycestvous.fr\/2023\/11\/18\/6800-pages-et-30-jours-pour-une-enquete-publique\/embed\/#?secret=xk4DdQduFp#?secret=XDRjS8psvf\" data-secret=\"XDRjS8psvf\" width=\"525\" height=\"296\" frameborder=\"0\" marginwidth=\"0\" marginheight=\"0\" scrolling=\"no\"><\/iframe>\n<\/div><\/figure>\n","protected":false},"excerpt":{"rendered":"<p>Tr\u00e8s r\u00e9guli\u00e8rement depuis 3 ans, nous avons attir\u00e9 votre attention en tant qu\u2019\u00e9lues d\u2019opposition sur l\u2019absence de concertation avec les habitants de Bussy-Saint-Georges. Je reviens ici sur 8 exemples r\u00e9cents : soit parce que le manque de concertation nous a particuli\u00e8rement choqu\u00e9es, soit parce que les occasions l\u00e9gales de concertation ont \u00e9t\u00e9 r\u00e9duites au maximum. &hellip; <\/p>\n<p class=\"link-more\"><a href=\"https:\/\/reveillonsensemblebussy.fr\/index.php\/2024\/04\/01\/bussy-saint-georges-et-ecoute-des-habitants-echec\/\" class=\"more-link\">Continuer la lecture<span class=\"screen-reader-text\"> de &laquo;&nbsp;Bussy-Saint-Georges et \u00e9coute des habitants\u00a0: \u00e9chec de la m\u00e9thode &amp; absence de volont\u00e9 !&nbsp;&raquo;<\/span><\/a><\/p>\n","protected":false},"author":4,"featured_media":1120,"comment_status":"open","ping_status":"open","sticky":false,"template":"","format":"standard","meta":{"footnotes":""},"categories":[2,4,6],"tags":[17,38,91,105],"class_list":["post-1115","post","type-post","status-publish","format-standard","has-post-thumbnail","hentry","category-actus","category-cmetca","category-causeslocales","tag-bussy-saint-georges","tag-concertation","tag-stationnement","tag-urbanisme"],"_links":{"self":[{"href":"https:\/\/reveillonsensemblebussy.fr\/index.php\/wp-json\/wp\/v2\/posts\/1115","targetHints":{"allow":["GET"]}}],"collection":[{"href":"https:\/\/reveillonsensemblebussy.fr\/index.php\/wp-json\/wp\/v2\/posts"}],"about":[{"href":"https:\/\/reveillonsensemblebussy.fr\/index.php\/wp-json\/wp\/v2\/types\/post"}],"author":[{"embeddable":true,"href":"https:\/\/reveillonsensemblebussy.fr\/index.php\/wp-json\/wp\/v2\/users\/4"}],"replies":[{"embeddable":true,"href":"https:\/\/reveillonsensemblebussy.fr\/index.php\/wp-json\/wp\/v2\/comments?post=1115"}],"version-history":[{"count":1,"href":"https:\/\/reveillonsensemblebussy.fr\/index.php\/wp-json\/wp\/v2\/posts\/1115\/revisions"}],"predecessor-version":[{"id":1190,"href":"https:\/\/reveillonsensemblebussy.fr\/index.php\/wp-json\/wp\/v2\/posts\/1115\/revisions\/1190"}],"wp:featuredmedia":[{"embeddable":true,"href":"https:\/\/reveillonsensemblebussy.fr\/index.php\/wp-json\/wp\/v2\/media\/1120"}],"wp:attachment":[{"href":"https:\/\/reveillonsensemblebussy.fr\/index.php\/wp-json\/wp\/v2\/media?parent=1115"}],"wp:term":[{"taxonomy":"category","embeddable":true,"href":"https:\/\/reveillonsensemblebussy.fr\/index.php\/wp-json\/wp\/v2\/categories?post=1115"},{"taxonomy":"post_tag","embeddable":true,"href":"https:\/\/reveillonsensemblebussy.fr\/index.php\/wp-json\/wp\/v2\/tags?post=1115"}],"curies":[{"name":"wp","href":"https:\/\/api.w.org\/{rel}","templated":true}]}}