{"id":1088,"date":"2023-11-18T23:35:49","date_gmt":"2023-11-18T22:35:49","guid":{"rendered":"https:\/\/bussycestvous.fr\/?p=1088"},"modified":"2025-03-01T21:02:50","modified_gmt":"2025-03-01T20:02:50","slug":"6800-pages-pour-lenquete-publique-concernant-la-nouvelle-zone-dactivite-de-larucherie-2","status":"publish","type":"post","link":"https:\/\/reveillonsensemblebussy.fr\/index.php\/2023\/11\/18\/6800-pages-pour-lenquete-publique-concernant-la-nouvelle-zone-dactivite-de-larucherie-2\/","title":{"rendered":"6800 pages pour l&rsquo;enqu\u00eate publique concernant la nouvelle zone d&rsquo;activit\u00e9 de Bussy-Saint-Georges sud : d\u00e9cryptage. Les aspects environnementaux trop floues et des questions cl\u00e9s non trait\u00e9es"},"content":{"rendered":"\n<p>6800 pages\u2026 C\u2019est le nombre de pages du dossier que tout citoyen pouvait parcourir du 18 septembre au 18 octobre 2023 pour donner son avis sur deux nouveaux projets qui vont transformer le sud de Bussy-Saint-Georges\u00a0: la zone d\u2019activit\u00e9 baptis\u00e9e la \u00ab\u00a0Rucherie\u00a0\u00bb et la cr\u00e9ation d\u2019une nouvelle entr\u00e9e sur l\u2019autoroute A4. Notre premier article portait sur nos questionnements. Ce second article porte sur les aspects environnementaux du dossier, les remarques et demandes d&rsquo;approfondissement faites au commissaire enqu\u00eateur, la personne en charge de recueillir tous les avis de la population.<\/p>\n\n\n\n<!--more-->\n\n\n\n<h2 class=\"wp-block-heading\">L&rsquo;importance de nos associations environnementales <\/h2>\n\n\n\n<p>Sur les aspects purement environnementaux, comme beaucoup de gens je ne suis pas une sp\u00e9cialiste. Nous avons donc besoin de nos associations environnementales locales pour faire des remarques d\u2019experts. C\u2019est leur r\u00f4le. Or, il est important de les laisser travailler. Plusieurs associations ont demand\u00e9 un report de la dead-line de la p\u00e9riode de concertation pour avoir le temps de bien analyser toutes les facettes du dossier. Je trouve personnellement que c\u2019est envoy\u00e9 un tr\u00e8s mauvais signal de la part des institutions publiques de ne pas respecter ces associations qui reposent essentiellement sur du b\u00e9n\u00e9volat et des comp\u00e9tences rares.<\/p>\n\n\n\n<p><a href=\"https:\/\/www.renard-nature-environnement.fr\/\">https:\/\/www.renard-nature-environnement.fr\/<\/a><\/p>\n\n\n\n<p><a href=\"https:\/\/colibris-wiki.org\/bzdplu\/?PagePrincipale\">https:\/\/colibris-wiki.org\/bzdplu\/?PagePrincipale<\/a><\/p>\n\n\n\n<p>Voir notre article sur une association de Bussy: Bussy Zero D\u00e9chet<\/p>\n\n\n\n<figure class=\"wp-block-embed is-type-wp-embed is-provider-bussy-c-039-est-vous wp-block-embed-bussy-c-039-est-vous\"><div class=\"wp-block-embed__wrapper\">\n<blockquote class=\"wp-embedded-content\" data-secret=\"woPLSvnGKC\"><a href=\"https:\/\/bussycestvous.fr\/2023\/06\/29\/plu-pour-les-nuls-une-association-citoyenne-apolitique-et-ecologique-se-mobilise-non-seulement-pour-proteger-la-biodiversite-a-bussy-saint-georges-mais-aussi-pour-vous-a\/\">PLU \u00ab\u00a0pour les nuls\u00a0\u00bb\u00a0: une association citoyenne apolitique et \u00e9cologique se mobilise non seulement pour prot\u00e9ger la biodiversit\u00e9 \u00e0 Bussy-Saint-Georges mais aussi pour vous aider \u00e0 participer aux r\u00e9flexions<\/a><\/blockquote><iframe loading=\"lazy\" class=\"wp-embedded-content\" sandbox=\"allow-scripts\" security=\"restricted\" style=\"position: absolute; clip: rect(1px, 1px, 1px, 1px);\" title=\"\u00ab\u00a0PLU \u00ab\u00a0pour les nuls\u00a0\u00bb\u00a0: une association citoyenne apolitique et \u00e9cologique se mobilise non seulement pour prot\u00e9ger la biodiversit\u00e9 \u00e0 Bussy-Saint-Georges mais aussi pour vous aider \u00e0 participer aux r\u00e9flexions\u00a0\u00bb &#8212; Bussy c&#039;est vous\" src=\"https:\/\/bussycestvous.fr\/2023\/06\/29\/plu-pour-les-nuls-une-association-citoyenne-apolitique-et-ecologique-se-mobilise-non-seulement-pour-proteger-la-biodiversite-a-bussy-saint-georges-mais-aussi-pour-vous-a\/embed\/#?secret=uPEVFMihWB#?secret=woPLSvnGKC\" data-secret=\"woPLSvnGKC\" width=\"525\" height=\"296\" frameborder=\"0\" marginwidth=\"0\" marginheight=\"0\" scrolling=\"no\"><\/iframe>\n<\/div><\/figure>\n\n\n\n<h2 class=\"wp-block-heading\">Quelles sont les mesures compensatoires pr\u00e9cis\u00e9ment ? Extrait de notre contribution sur les aspects environnementaux du dossier<\/h2>\n\n\n\n<p>Sur le plan environnemental, les \u00e9tudes fournies dans le cadre de l&rsquo;enqu\u00eate publique sont tr\u00e8s d\u00e9taill\u00e9es. Il est possible de consulter les r\u00e9ponses aux diff\u00e9rentes observations convergentes de diff\u00e9rentes autorit\u00e9s publiques (Conseil Scientifique R\u00e9gional du Patrimoine Naturel, l\u2019Autorit\u00e9 Environnementale, etc.). Mais il est difficile d\u2019appr\u00e9hender si les pr\u00e9cisions apport\u00e9es par EpaMarne r\u00e9pondent compl\u00e8tement aux remarques faites par ces diff\u00e9rentes autorit\u00e9s externes. Pour assurer une transparence totale, il serait opportun d\u2019avoir une synth\u00e8se rappelant bien les engagements pris sur les mesures compensatoires et l\u2019avis d\u00e9finitif des diff\u00e9rentes instances externes sur la qualit\u00e9 de ces mesures compensatoires. <\/p>\n\n\n\n<p>Par exemple, pour appr\u00e9hender l\u2019impact du projet sur la biodiversit\u00e9, les diff\u00e9rents cabinets consult\u00e9s partent du principe que le site du projet est constitu\u00e9 de terres agricoles, cultiv\u00e9es depuis pr\u00e8s de 50 ans avec des intrants chimiques (pesticides). La biodiversit\u00e9 de ces zones agricoles est donc en r\u00e9alit\u00e9 d\u00e9j\u00e0 compromise. Diff\u00e9rents dossiers mettent l\u2019accent sur des actions de revitalisation destin\u00e9es \u00e0 red\u00e9velopper la biodiversit\u00e9 avec une v\u00e9g\u00e9talisation sp\u00e9cifique au niveau de ces p\u00e9rim\u00e8tres anciennement agricoles (27 ha de surfaces agricoles). Cette argumentation semble int\u00e9ressante. Qu\u2019en pense les instances externes sp\u00e9cialis\u00e9es\u00a0? La constitution d\u2019un document de synth\u00e8se comportant les mesures compensatoires qui seront en d\u00e9finitive d\u00e9velopp\u00e9es avec le dernier avis des autorit\u00e9s comp\u00e9tentes, permettrait une meilleure transparence et une valorisation de l\u2019ensemble du travail men\u00e9 ces derni\u00e8res ann\u00e9es par les parties prenantes du dossier. <\/p>\n\n\n\n<p>Parall\u00e8lement, dans le dossier portant sur le PPANP (P\u00e9rim\u00e8tre de Protection des Espaces Agricoles et Naturels P\u00e9riurbains), on trouve un courrier du 11 mai 2022 provenant de Marne et Gondoire (notre agglom\u00e9ration) qui accepte de diminuer le PPANP de 5,37 hectares (0,1 % de la zone en PPANP de l\u2019agglom\u00e9ration) contre plusieurs obligations\u00a0: l\u2019obligation de for\u00eat lin\u00e9aire de 10 hectares de part et d\u2019autre de l\u2019autoroute, un am\u00e9nagement de plus de 15 hectares dans la bande de la lisi\u00e8re entre la ZAC de la Rucherie et la for\u00eat de ferri\u00e8re, la cr\u00e9ation d\u2019un bassin d\u2019agr\u00e9ment sur la commune de Jossigny et une compensation agricole de 1\u00a0521\u00a0720 euros au b\u00e9n\u00e9fice du d\u00e9veloppement de projets agricoles \u00e0 proximit\u00e9, venant alimenter la fonctionnalit\u00e9 globale des espaces agricoles de Marne et Gondoire. O\u00f9 en est-on des propositions faites par Marne et Gondoire\u00a0? <\/p>\n\n\n\n<p>Le PPANP (P\u00e9rim\u00e8tre de Protection des Espaces Agricoles et Naturels P\u00e9riurbains) est en effet un \u00e9l\u00e9ment important du projet de territoire de Marne et Gondoire.<\/p>\n\n\n\n<p><a href=\"https:\/\/www.marneetgondoire.fr\/les-espaces-naturels-et-leur-protection\/perimetre-de-protection-des-espaces-agricoles-naturels-periurbains-192.html\">https:\/\/www.marneetgondoire.fr\/les-espaces-naturels-et-leur-protection\/perimetre-de-protection-des-espaces-agricoles-naturels-periurbains-192.html<\/a><\/p>\n\n\n\n<p>Enfin, EpaMarne s\u2019engage \u00e0 rester propri\u00e9taire de la parcelle YH15 pendant une dur\u00e9e de 5 ans puis pr\u00e9voit de transf\u00e9rer \u00e0 la Communaut\u00e9 d\u2019Agglom\u00e9ration de Marne et Gondoire ce foncier ainsi que le plan de gestion des mesures compensatoires avec l\u2019obligation de respecter ledit cahier des charges pendant une dur\u00e9e de 25 ans. EpaMarne propose que cette parcelle int\u00e8gre le moment venu le P\u00e9rim\u00e8tre de Protection des Espaces Agricoles Naturels (PPEANP) de Marne et Gondoire. Est-ce que des engagements ont \u00e9t\u00e9 pris du c\u00f4t\u00e9 de Marne et Gondoire et des communes correspondantes\u00a0?<\/p>\n\n\n\n<h2 class=\"wp-block-heading\">Bon Point : une approche moderne des \u00e9nergies renouvelables et de r\u00e9cup\u00e9ration<\/h2>\n\n\n\n<p>Sur le versant des \u00e9nergies renouvelables et de r\u00e9cup\u00e9ration dans la zone d\u2019activit\u00e9 de la Rucherie, le dossier accessible au public est tr\u00e8s int\u00e9ressant. Bravo pour le d\u00e9tail des sc\u00e9narios propos\u00e9s. Finalement, vers quelle solution s\u2019achemine-t-on apr\u00e8s toutes ces \u00e9tudes ? Il y aura-t-il un data center aussi dans la zone de la Rucherie ou ce sera uniquement dans la ZAC du Bel-Air de Ferri\u00e8re ? Est-ce que la production d\u2019hydrog\u00e8ne sur site va \u00eatre prise en compte en compl\u00e9ment des diff\u00e9rents sc\u00e9narios ? E Et plus g\u00e9n\u00e9ralement, qu\u2019est-il pr\u00e9vu comme \u00e9tude d\u2019impacts pour l\u2019impl\u00e9mentation de cette unit\u00e9 de production d\u2019hydrog\u00e8ne ?<\/p>\n\n\n\n<h2 class=\"wp-block-heading\">Autre sujet de pr\u00e9occupation : l&rsquo;impact sur la ville du trafic routier g\u00e9n\u00e9r\u00e9 par la nouvelle entr\u00e9e d&rsquo;autoroute et la nouvelle zone d&rsquo;activit\u00e9  <\/h2>\n\n\n\n<p>Autre sujet de pr\u00e9occupation : le trafic routier. De fa\u00e7on g\u00e9n\u00e9rale, toutes les analyses faites concernant les impacts sur le trafic de voitures sont orient\u00e9es vers la l\u00e9gitimation du nouvel \u00e9changeur. A la lecture des dossiers, on comprend bien l\u2019int\u00e9r\u00eat de l\u2019\u00e9changeur. Son impact est positif sur un certain nombre de rues de Bussy : sur le Boulevard de Lagny, sur l&rsquo;avenue du G\u00e9n\u00e9ral de Gaulle, sur l&rsquo;avenue Marie Curie (Rd406), sur l&rsquo;avenue de L\u2019Europe en travers\u00e9e de la ZI Gustave Eiffel. Mais les diff\u00e9rents sc\u00e9narios montrent bien une forte augmentation de la circulation au sein de la ville de Bussy-Saint-Georges mais aussi entre Bussy et Mont\u00e9vrain et entre Bussy et Jossigny sur certains points n\u00e9vralgiques. N\u00e9anmoins, au-del\u00e0 de la sortie d&rsquo;autoroute, ce qui n&rsquo;est pas pr\u00e9cis\u00e9, c&rsquo;est si il a \u00e9t\u00e9 bien pris en compte que cette zone d&rsquo;activit\u00e9 est d\u00e9di\u00e9e \u00e0 des activit\u00e9s de logistique qui vont g\u00e9n\u00e9rer beaucoup plus de trafic routier qu&rsquo;un autre type de zone d&rsquo;activit\u00e9.   <\/p>\n\n\n\n<p>Les analyses montrent \u00e9galement que les flux de v\u00e9hicules vont arriver sur le prolongement de l\u2019avenue Gutenberg qui va d\u00e9boucher sur le Boulevard de Rome puis le Boulevard des 100 arpents, coupant le nouveau parc du Sycomore qui \u00e9tait cens\u00e9 \u00eatre un endroit calme !! <\/p>\n\n\n\n<p>Comment va se passer cette mont\u00e9e en puissance du trafic ? <\/p>\n\n\n\n<p>N\u2019y-a t-il pas possibilit\u00e9 de d\u00e9vier le trafic hors de la ville de Bussy ? Est-ce que l\u2019augmentation de la population de la ville (+18 000 habitants) a bien \u00e9t\u00e9 \u00e9galement compl\u00e8tement pris en compte dans ces analyses ? Ce n&rsquo;est pas indiqu\u00e9 pr\u00e9cis\u00e9ment. <\/p>\n","protected":false},"excerpt":{"rendered":"<p>6800 pages\u2026 C\u2019est le nombre de pages du dossier que tout citoyen pouvait parcourir du 18 septembre au 18 octobre 2023 pour donner son avis sur deux nouveaux projets qui vont transformer le sud de Bussy-Saint-Georges\u00a0: la zone d\u2019activit\u00e9 baptis\u00e9e la \u00ab\u00a0Rucherie\u00a0\u00bb et la cr\u00e9ation d\u2019une nouvelle entr\u00e9e sur l\u2019autoroute A4. Notre premier article portait &hellip; <\/p>\n<p class=\"link-more\"><a href=\"https:\/\/reveillonsensemblebussy.fr\/index.php\/2023\/11\/18\/6800-pages-pour-lenquete-publique-concernant-la-nouvelle-zone-dactivite-de-larucherie-2\/\" class=\"more-link\">Continuer la lecture<span class=\"screen-reader-text\"> de &laquo;&nbsp;6800 pages pour l&rsquo;enqu\u00eate publique concernant la nouvelle zone d&rsquo;activit\u00e9 de Bussy-Saint-Georges sud : d\u00e9cryptage. Les aspects environnementaux trop floues et des questions cl\u00e9s non trait\u00e9es&nbsp;&raquo;<\/span><\/a><\/p>\n","protected":false},"author":4,"featured_media":1108,"comment_status":"open","ping_status":"open","sticky":false,"template":"","format":"standard","meta":{"footnotes":""},"categories":[2,6],"tags":[15,17,42,84,68],"class_list":["post-1088","post","type-post","status-publish","format-standard","has-post-thumbnail","hentry","category-actus","category-causeslocales","tag-bussy-cest-vous","tag-bussy-saint-georges","tag-developpement-economique","tag-quartiers","tag-la-rucherie"],"_links":{"self":[{"href":"https:\/\/reveillonsensemblebussy.fr\/index.php\/wp-json\/wp\/v2\/posts\/1088","targetHints":{"allow":["GET"]}}],"collection":[{"href":"https:\/\/reveillonsensemblebussy.fr\/index.php\/wp-json\/wp\/v2\/posts"}],"about":[{"href":"https:\/\/reveillonsensemblebussy.fr\/index.php\/wp-json\/wp\/v2\/types\/post"}],"author":[{"embeddable":true,"href":"https:\/\/reveillonsensemblebussy.fr\/index.php\/wp-json\/wp\/v2\/users\/4"}],"replies":[{"embeddable":true,"href":"https:\/\/reveillonsensemblebussy.fr\/index.php\/wp-json\/wp\/v2\/comments?post=1088"}],"version-history":[{"count":1,"href":"https:\/\/reveillonsensemblebussy.fr\/index.php\/wp-json\/wp\/v2\/posts\/1088\/revisions"}],"predecessor-version":[{"id":1192,"href":"https:\/\/reveillonsensemblebussy.fr\/index.php\/wp-json\/wp\/v2\/posts\/1088\/revisions\/1192"}],"wp:featuredmedia":[{"embeddable":true,"href":"https:\/\/reveillonsensemblebussy.fr\/index.php\/wp-json\/wp\/v2\/media\/1108"}],"wp:attachment":[{"href":"https:\/\/reveillonsensemblebussy.fr\/index.php\/wp-json\/wp\/v2\/media?parent=1088"}],"wp:term":[{"taxonomy":"category","embeddable":true,"href":"https:\/\/reveillonsensemblebussy.fr\/index.php\/wp-json\/wp\/v2\/categories?post=1088"},{"taxonomy":"post_tag","embeddable":true,"href":"https:\/\/reveillonsensemblebussy.fr\/index.php\/wp-json\/wp\/v2\/tags?post=1088"}],"curies":[{"name":"wp","href":"https:\/\/api.w.org\/{rel}","templated":true}]}}