{"id":1072,"date":"2023-09-19T23:15:04","date_gmt":"2023-09-19T21:15:04","guid":{"rendered":"https:\/\/bussycestvous.fr\/?p=1072"},"modified":"2025-03-01T21:01:06","modified_gmt":"2025-03-01T20:01:06","slug":"bravo-a-notre-agglomeration-marne-et-gondoire","status":"publish","type":"post","link":"https:\/\/reveillonsensemblebussy.fr\/index.php\/2023\/09\/19\/bravo-a-notre-agglomeration-marne-et-gondoire\/","title":{"rendered":"Bravo \u00e0 notre agglom\u00e9ration Marne et Gondoire r\u00e9compens\u00e9e dans le cadre de la transition \u00e9nerg\u00e9tique: un label 3 \u00e9toiles&#8230;"},"content":{"rendered":"\n<p>Cet \u00e9t\u00e9 2023 a \u00e9t\u00e9 \u2013 en moyenne sur l\u2019ensemble de la plan\u00e8te \u2013 le plus chaud de l\u2019histoire. Les Communaut\u00e9s d\u2019agglom\u00e9ration sont les locomotives de la transition sur les territoires. Leurs actions\u00a0: \u00e9nergies renouvelables, r\u00e9novation \u00e9nerg\u00e9tique, mobilit\u00e9, eau, biodiversit\u00e9, d\u00e9chets, \u00e9conomie circulaire, r\u00e9seaux de chaleur, zones d\u2019activit\u00e9 z\u00e9ro carbone, etc. Notre agglom\u00e9ration Marne et Gondoire fait partie des deux seuls territoires en Ile de France ayant obtenu 3 \u00e9toiles au tr\u00e8s s\u00e9lectif label \u00ab\u00a0Territoire engag\u00e9\u00a0\u00bb de l&rsquo;ADEME, l&rsquo;Agence de la transition \u00e9cologique, le bras arm\u00e9 de l&rsquo;Etat en mati\u00e8re d&rsquo;environnement. Qu\u2019est-ce qu\u2019il y a derri\u00e8re cette labellisation\u00a0?<\/p>\n\n\n\n<!--more-->\n\n\n\n<h2 class=\"wp-block-heading\"><strong>Le Label \u00ab\u00a0Territoire engag\u00e9\u00a0\u00bb<\/strong><\/h2>\n\n\n\n<p>L\u2019id\u00e9e du Label \u00ab\u00a0Territoire engag\u00e9\u00a0\u00bb c\u2019est de r\u00e9compenser les collectivit\u00e9s qui d\u00e9veloppent des programmes d\u2019actions pertinents et complets sur leur territoire en mati\u00e8re de transition Climat Air \u00c9nergie. Sur quoi juge-t-on ces territoires\u00a0? L\u2019ADEME (l&rsquo;Agence de la Transition \u00e9cologique) a construit un r\u00e9f\u00e9rentiel Climat Air \u00c9nergie qui comprend 5 axes et plus de 100 crit\u00e8res. Les collectivit\u00e9s doivent renseigner chaque crit\u00e8re, un par un, en d\u00e9crivant les actions men\u00e9es, les investissements faits, leurs cibles, leurs objectifs, les r\u00e9sultats obtenus. Tout est d\u00e9taill\u00e9, quantifi\u00e9, objectiv\u00e9 et v\u00e9rifi\u00e9 par des auditeurs externes. L\u2019int\u00e9r\u00eat\u00a0? Il y en a trois principaux.<\/p>\n\n\n\n<ul class=\"wp-block-list\">\n<li>Pouvoir juger les collectivit\u00e9s sur des crit\u00e8res vraiment objectifs et v\u00e9rifi\u00e9s.<\/li>\n\n\n\n<li>Pouvoir comparer les collectivit\u00e9s entre elles sur les m\u00eames crit\u00e8res. Le <em>greenwashing <\/em>n\u2019est plus possible.<\/li>\n\n\n\n<li>Pouvoir permettre aux territoires concern\u00e9s de mesurer leur progr\u00e8s dans le temps.<\/li>\n<\/ul>\n\n\n\n<p>Pourquoi est-ce si important que les agglom\u00e9rations s\u2019impliquent vraiment dans la transition \u00e9nerg\u00e9tique&nbsp;? Parce qu\u2019elles peuvent toucher directement ou indirectement 50% des \u00e9missions de leur territoire.<\/p>\n\n\n\n<p>Le programme \u00ab\u00a0Territoire Engag\u00e9 Transition \u00c9cologique\u00a0\u00bb permet aux collectivit\u00e9s d\u2019agir concr\u00e8tement sur :<\/p>\n\n\n\n<ul class=\"wp-block-list\">\n<li>La performance \u00e9nerg\u00e9tique des b\u00e2timents<\/li>\n\n\n\n<li>La mobilit\u00e9 durable<\/li>\n\n\n\n<li>Les \u00e9nergies alternatives aux \u00e9nergies fossiles<\/li>\n\n\n\n<li>La r\u00e9duction, la collecte et la valorisation des d\u00e9chets<\/li>\n\n\n\n<li>La politique d\u2019achats responsables et durables<\/li>\n<\/ul>\n\n\n\n<p>L&rsquo;agglom\u00e9ration de Marne et Gondoire a particuli\u00e8rement \u00e9t\u00e9 salu\u00e9e dans le domaine de la transition \u00e9nerg\u00e9tique. <\/p>\n\n\n\n<h2 class=\"wp-block-heading\"><strong>Des exemples d&rsquo;actions originales qui vont \u00eatre d\u00e9velopp\u00e9es par Marne et Gondoire<\/strong><\/h2>\n\n\n\n<p>Marne et Gondoire vient de terminer son sch\u00e9ma directeur des \u00e9nergies renouvelables et de r\u00e9cup\u00e9ration. Nous n\u2019avons pas encore tous les d\u00e9tails en tant qu\u2019\u00e9lus mais nous avons vot\u00e9 pour le projet sous-jacent: faire de notre agglom\u00e9ration, un territoire producteur d\u2019\u00e9nergie. Par exemple, les d\u00e9chets vont devenir petit \u00e0 petit des sources d\u2019\u00e9nergie sur notre territoire.\u00a0<\/p>\n\n\n\n<p>Le r\u00e9seau de chaleur du Sietrem (notre syndicat d\u2019ordures m\u00e9nag\u00e8res) est en cours de d\u00e9veloppement. Il utilise la chaleur issue de la\u00a0<strong>combustion de nos d\u00e9chets<\/strong>. Le syndicat produit d\u00e9j\u00e0 de l\u2019\u00e9lectricit\u00e9 mais d\u00e8s la fin de l\u2019ann\u00e9e, il produira \u00e9galement de l\u2019eau chaude pour des logements et certains b\u00e2timents publics. \u00c0 terme, le r\u00e9seau doit faire\u00a0<strong>18\u00a0km de long\u00a0<\/strong>et relier Lagny (Parc Saint-Jean) \u00e0 Bussy-Saint-Georges (quartier du Sycomore) en passant par Saint-Thibault (ZAC centre-bourg). L&rsquo;op\u00e9ration a plusieurs avantages. Les habitants concern\u00e9s vont pouvoir b\u00e9n\u00e9ficier de prix attractifs. La France et notre territoire seront plus autonomes au plan \u00e9nerg\u00e9tique. Il y aura moins de gaspillage d&rsquo;\u00e9nergie et d\u2019\u00e9missions de CO2, responsables du d\u00e9r\u00e8glement climatique. <\/p>\n\n\n\n<p>Parall\u00e8lement, la&nbsp;<strong>station d\u2019\u00e9puration<\/strong>&nbsp;de Saint-Thibault port\u00e9e par le Siam (notre syndicat de traitement des eaux us\u00e9es) va cr\u00e9er une unit\u00e9 de m\u00e9thanisation aliment\u00e9e par la combustion des boues issues du traitement des eaux us\u00e9es. Cela va permettre de cr\u00e9er du biogaz qui sera revendu soit pour faire rouler des bus Biom\u00e9thane, soit pour chauffer 4000 logements environ. <\/p>\n\n\n\n<p>L\u2019agglom\u00e9ration envisage de cr\u00e9er d\u2019autres r\u00e9seaux de chaleur, aliment\u00e9s par exemple par la chaleur produite par les\u00a0<strong>datacenters<\/strong>. Pour compl\u00e9ter ce dispositifs de r\u00e9cup\u00e9ration de la \u00ab\u00a0chaleur fatale\u00a0\u00bb, plusieurs projets photovolta\u00efques sont en cours de r\u00e9flexion.  <\/p>\n\n\n\n<h2 class=\"wp-block-heading\"><strong>Un travail titanesque <\/strong><\/h2>\n\n\n\n<p> En tant que chercheur, j\u2019ai pu faire plusieurs recherches dans le domaine du d\u00e9veloppement des territoires. Il ne se passe rien sans d\u00e9cloisonnement et volont\u00e9 politique forte. Nous trouvons les deux ingr\u00e9dients \u00e0 Marne et Gondoire. <\/p>\n\n\n\n<p>C\u2019est aussi le r\u00e9sultat d\u2019une \u00e9quipe technique qui a d\u00e9cortiqu\u00e9 plusieurs mois de suite, chaque crit\u00e8re du Label, pour voir comment Marne et Gondoire y r\u00e9pondait. Un travail titanesque et minutieux qu\u2019il ne faut pas sous-estimer. La r\u00e9compense est de taille aujourd\u2019hui. Marne et Gondoire est le second territoire d\u2019Ile de France a avoir obtenu directement le label 3 \u00e9toiles. <\/p>\n\n\n\n<p><\/p>\n\n\n\n<figure class=\"wp-block-embed is-type-wp-embed is-provider-ademe-presse wp-block-embed-ademe-presse\"><div class=\"wp-block-embed__wrapper\">\n<blockquote class=\"wp-embedded-content\" data-secret=\"scKLCLKXTT\"><a href=\"https:\/\/presse.ademe.fr\/2023\/05\/44-collectivites-labellisees-territoire-engage-transition-ecologique.html\">44 COLLECTIVIT\u00c9S LABELLIS\u00c9ES \u00ab TERRITOIRE ENGAG\u00c9 TRANSITION \u00c9COLOGIQUE \u00bb<\/a><\/blockquote><iframe loading=\"lazy\" class=\"wp-embedded-content\" sandbox=\"allow-scripts\" security=\"restricted\" style=\"position: absolute; clip: rect(1px, 1px, 1px, 1px);\" title=\"\u00ab\u00a044 COLLECTIVIT\u00c9S LABELLIS\u00c9ES \u00ab TERRITOIRE ENGAG\u00c9 TRANSITION \u00c9COLOGIQUE \u00bb\u00a0\u00bb &#8212; ADEME Presse\" src=\"https:\/\/presse.ademe.fr\/2023\/05\/44-collectivites-labellisees-territoire-engage-transition-ecologique.html\/embed#?secret=fOXLSMEKJy#?secret=scKLCLKXTT\" data-secret=\"scKLCLKXTT\" width=\"525\" height=\"296\" frameborder=\"0\" marginwidth=\"0\" marginheight=\"0\" scrolling=\"no\"><\/iframe>\n<\/div><\/figure>\n","protected":false},"excerpt":{"rendered":"<p>Cet \u00e9t\u00e9 2023 a \u00e9t\u00e9 \u2013 en moyenne sur l\u2019ensemble de la plan\u00e8te \u2013 le plus chaud de l\u2019histoire. Les Communaut\u00e9s d\u2019agglom\u00e9ration sont les locomotives de la transition sur les territoires. Leurs actions\u00a0: \u00e9nergies renouvelables, r\u00e9novation \u00e9nerg\u00e9tique, mobilit\u00e9, eau, biodiversit\u00e9, d\u00e9chets, \u00e9conomie circulaire, r\u00e9seaux de chaleur, zones d\u2019activit\u00e9 z\u00e9ro carbone, etc. Notre agglom\u00e9ration Marne et &hellip; <\/p>\n<p class=\"link-more\"><a href=\"https:\/\/reveillonsensemblebussy.fr\/index.php\/2023\/09\/19\/bravo-a-notre-agglomeration-marne-et-gondoire\/\" class=\"more-link\">Continuer la lecture<span class=\"screen-reader-text\"> de &laquo;&nbsp;Bravo \u00e0 notre agglom\u00e9ration Marne et Gondoire r\u00e9compens\u00e9e dans le cadre de la transition \u00e9nerg\u00e9tique: un label 3 \u00e9toiles&#8230;&nbsp;&raquo;<\/span><\/a><\/p>\n","protected":false},"author":4,"featured_media":1082,"comment_status":"open","ping_status":"open","sticky":false,"template":"","format":"standard","meta":{"footnotes":""},"categories":[2,6],"tags":[17,23,41],"class_list":["post-1072","post","type-post","status-publish","format-standard","has-post-thumbnail","hentry","category-actus","category-causeslocales","tag-bussy-saint-georges","tag-camg-2","tag-developpement-durable"],"_links":{"self":[{"href":"https:\/\/reveillonsensemblebussy.fr\/index.php\/wp-json\/wp\/v2\/posts\/1072","targetHints":{"allow":["GET"]}}],"collection":[{"href":"https:\/\/reveillonsensemblebussy.fr\/index.php\/wp-json\/wp\/v2\/posts"}],"about":[{"href":"https:\/\/reveillonsensemblebussy.fr\/index.php\/wp-json\/wp\/v2\/types\/post"}],"author":[{"embeddable":true,"href":"https:\/\/reveillonsensemblebussy.fr\/index.php\/wp-json\/wp\/v2\/users\/4"}],"replies":[{"embeddable":true,"href":"https:\/\/reveillonsensemblebussy.fr\/index.php\/wp-json\/wp\/v2\/comments?post=1072"}],"version-history":[{"count":1,"href":"https:\/\/reveillonsensemblebussy.fr\/index.php\/wp-json\/wp\/v2\/posts\/1072\/revisions"}],"predecessor-version":[{"id":1194,"href":"https:\/\/reveillonsensemblebussy.fr\/index.php\/wp-json\/wp\/v2\/posts\/1072\/revisions\/1194"}],"wp:featuredmedia":[{"embeddable":true,"href":"https:\/\/reveillonsensemblebussy.fr\/index.php\/wp-json\/wp\/v2\/media\/1082"}],"wp:attachment":[{"href":"https:\/\/reveillonsensemblebussy.fr\/index.php\/wp-json\/wp\/v2\/media?parent=1072"}],"wp:term":[{"taxonomy":"category","embeddable":true,"href":"https:\/\/reveillonsensemblebussy.fr\/index.php\/wp-json\/wp\/v2\/categories?post=1072"},{"taxonomy":"post_tag","embeddable":true,"href":"https:\/\/reveillonsensemblebussy.fr\/index.php\/wp-json\/wp\/v2\/tags?post=1072"}],"curies":[{"name":"wp","href":"https:\/\/api.w.org\/{rel}","templated":true}]}}